{"translation-revision-date":"2026-08-05 12:00+0000","generator":"WP-CLI\/2.12.0","source":"dashboard\/assets\/app.js","domain":"messages","locale_data":{"messages":{"":{"domain":"messages","lang":"hu_HU","plural-forms":"nplurals=2; plural=(n != 1);"},"AI-generated image":["MI-gener\u00e1lt k\u00e9p"],"Close":["Bez\u00e1r\u00e1s"],"Saving\u2026":["Ment\u00e9s\u2026"],"Saved":["Mentve"],"AI":["MI"],"This content was generated by AI.":["Ezt a tartalmat MI gener\u00e1lta."],"This content was edited with AI.":["Ezt a tartalmat MI-vel szerkesztett\u00e9k."],"This content was produced with AI assistance.":["Ez a tartalom MI seg\u00edts\u00e9g\u00e9vel k\u00e9sz\u00fclt."],"You are chatting with an AI assistant, not a human.":["MI-asszisztenssel csevegsz, nem emberrel."],"AI Generated":["MI-gener\u00e1lt"],"AI Modified":["MI-m\u00f3dos\u00edtott"],"Camera Photo":["F\u00e9nyk\u00e9pez\u0151g\u00e9pes fot\u00f3"],"Human Created":["Ember k\u00e9sz\u00edtette"],"Inventory the AI tools in use on this site":["Az oldalon haszn\u00e1lt MI-eszk\u00f6z\u00f6k sz\u00e1mbav\u00e9tele"],"Staff are informed which AI tools are used, and for what":["A munkat\u00e1rsak tudj\u00e1k, mely MI-eszk\u00f6z\u00f6ket mire haszn\u00e1ljuk"],"Staff understand each tool\u2019s capabilities and limits":["A munkat\u00e1rsak ismerik az egyes eszk\u00f6z\u00f6k k\u00e9pess\u00e9geit \u00e9s korl\u00e1tait"],"Staff know to verify AI output, not blindly trust it":["A munkat\u00e1rsak ellen\u0151rzik az MI kimenet\u00e9t, nem b\u00edznak benne vakon"],"An internal AI-use policy or guidelines doc exists":["Van bels\u0151 MI-haszn\u00e1lati szab\u00e1lyzat vagy \u00fatmutat\u00f3"],"A person or role is responsible for AI oversight":["Van felel\u0151s szem\u00e9ly vagy szerepk\u00f6r az MI fel\u00fcgyelet\u00e9re"],"A channel exists for staff to raise AI concerns":["Van csatorna, ahol a munkat\u00e1rsak jelezhetik MI-vel kapcsolatos agg\u00e1lyaikat"],"AI literacy is covered in onboarding \/ training":["Az MI-j\u00e1rtass\u00e1g r\u00e9sze a betan\u00edt\u00e1snak \/ k\u00e9pz\u00e9snek"],"A review cadence is set (e.g. annual)":["Van kijel\u00f6lt fel\u00fclvizsg\u00e1lati \u00fctem (pl. \u00e9vente)"],"%1$s of %2$s":["%1$s \/ %2$s"],"Not yet written":["M\u00e9g nincs be\u00edrva"],"This text was artificially generated using AI.":["Ezt a sz\u00f6veget mesters\u00e9ges intelligenci\u00e1val mesters\u00e9gesen \u00e1ll\u00edtott\u00e1k el\u0151."],"EU AI Act content labelling":["MI-jel\u00f6l\u00e9s \u00b7 EU MI-rendelet"],"Overview":["\u00c1ttekint\u00e9s"],"Workspace":["Munkater\u00fclet"],"Media":["M\u00e9dia"],"Badge":["Jelv\u00e9ny"],"Disclosure":["T\u00e1j\u00e9koztat\u00e1s"],"Posts":["Bejegyz\u00e9sek"],"Metadata":["Metaadatok"],"Shortcodes":["R\u00f6vidk\u00f3dok"],"Readiness":["Felk\u00e9sz\u00fclts\u00e9g"],"Configure":["Be\u00e1ll\u00edt\u00e1s"],"Settings":["Be\u00e1ll\u00edt\u00e1sok"],"Directory":["Jegyz\u00e9k"],"Upgrade":["V\u00e1lt\u00e1s Pr\u00f3ra"],"Docs":["Dokument\u00e1ci\u00f3"],"Resources":["Seg\u00e9danyagok"],"Support":["T\u00e1mogat\u00e1s"],"Not set":["Nincs be\u00e1ll\u00edtva"],"AI (basic)":["MI (alap)"],"Algorithmic \/ procedural":["Algoritmikus \/ procedur\u00e1lis"],"Composite (non-AI)":["Kompozit (nem MI)"],"AI generated: badge and metadata":["MI-gener\u00e1lt: jelv\u00e9ny \u00e9s metaadat"],"AI modified: badge and metadata":["MI-m\u00f3dos\u00edtott: jelv\u00e9ny \u00e9s metaadat"],"AI: badge and metadata":["MI: jelv\u00e9ny \u00e9s metaadat"],"Algorithmic, not AI: metadata only, no badge":["Algoritmikus, nem MI: csak metaadat, jelv\u00e9ny n\u00e9lk\u00fcl"],"Camera photo: metadata only, no badge":["F\u00e9nyk\u00e9pez\u0151g\u00e9pes fot\u00f3: csak metaadat, jelv\u00e9ny n\u00e9lk\u00fcl"],"Human created: metadata only, no badge":["Ember k\u00e9sz\u00edtette: csak metaadat, jelv\u00e9ny n\u00e9lk\u00fcl"],"Composite, non-AI: metadata only, no badge":["Kompozit, nem MI: csak metaadat, jelv\u00e9ny n\u00e9lk\u00fcl"],"Pill":["Ov\u00e1lis"],"Soft":["L\u00e1gy"],"Square":["Sz\u00f6gletes"],"Sharp":["\u00c9les"],"Banner":["Banner"],"Tag":["C\u00edmke"],"Ribbon":["Szalag"],"Corner":["Sarok"],"Glass":["\u00dcveghat\u00e1s"],"Ticket":["Szelv\u00e9ny"],"Underline":["Al\u00e1h\u00faz\u00e1s"],"Double":["Dupla"],"Save changes":["V\u00e1ltoztat\u00e1sok ment\u00e9se"],"AI-generated preview scene from the itisnothuman studio":["MI-gener\u00e1lt el\u0151n\u00e9zeti jelenet az itisnothuman m\u0171hely\u00e9b\u0151l"],"Preview image":["El\u0151n\u00e9zeti k\u00e9p"],"Generated":["Gener\u00e1lt"],"Coverage by format":["Lefedetts\u00e9g form\u00e1tumonk\u00e9nt"],"Machine-readable mark written into each format":["Az egyes form\u00e1tumokba \u00edrt g\u00e9ppel olvashat\u00f3 jel\u00f6l\u00e9s"],"No flagged images yet.":["M\u00e9g nincs megjel\u00f6lt k\u00e9p."],"Recently flagged":["Nemr\u00e9g megjel\u00f6lve"],"Open the Media tab":["M\u00e9dia lap megnyit\u00e1sa"],"Nothing flagged yet.":["M\u00e9g nincs megjel\u00f6lve semmi."],"Recent changes":["Legut\u00f3bbi v\u00e1ltoz\u00e1sok"],"A dated record of every change here. Undo restores the old setting.":["D\u00e1tummal ell\u00e1tott nyilv\u00e1ntart\u00e1s az itteni minden v\u00e1ltoz\u00e1sr\u00f3l. A Visszavon\u00e1s helyre\u00e1ll\u00edtja a kor\u00e1bbi be\u00e1ll\u00edt\u00e1st."],"Undoing\u2026":["Visszavon\u00e1s\u2026"],"Undo":["Visszavon\u00e1s"],"Every AI tool this site uses, and what each one is for.":["Minden MI-eszk\u00f6z, amelyet ez a webhely haszn\u00e1l, \u00e9s hogy mire val\u00f3 mindegyik."],"Everyone working here knows which AI tools are in use.":["Mindenki, aki itt dolgozik, tudja, mely MI-eszk\u00f6z\u00f6k vannak haszn\u00e1latban."],"Whoever uses each tool knows what it is good at and where it fails.":["Aki egy eszk\u00f6zt haszn\u00e1l, tudja, miben j\u00f3 \u00e9s hol hib\u00e1zik."],"Anything an AI writes or makes is checked by a person before it goes live.":["Amit egy MI \u00edr vagy k\u00e9sz\u00edt, azt ember ellen\u0151rzi a k\u00f6zz\u00e9t\u00e9tel el\u0151tt."],"A short written note of your rules for using AI here. Half a page counts.":["R\u00f6vid \u00edr\u00e1sos feljegyz\u00e9s az itteni MI-haszn\u00e1lat szab\u00e1lyair\u00f3l. F\u00e9l oldal is el\u00e9g."],"One named person answers for how AI is used here.":["Egy n\u00e9v szerint megnevezett szem\u00e9ly felel az\u00e9rt, hogyan haszn\u00e1lj\u00e1k itt az MI-t."],"A way to report an AI output that was wrong. An email you read counts.":["M\u00f3d a hib\u00e1s MI-kimenet jelent\u00e9s\u00e9re. Egy e-mail-c\u00edm, amelyet \u00d6n olvas, elegend\u0151."],"Anyone who joins is shown the rules above before they start.":["Aki csatlakozik, a kezd\u00e9s el\u0151tt megismeri a fenti szab\u00e1lyokat."],"A date in the diary to read all of this again. Once a year is normal.":["Napt\u00e1rba \u00edrt d\u00e1tum, amikor mindezt \u00fajraolvassa. \u00c9vente egyszer a szok\u00e1sos."],"Needs attention":["Figyelmet ig\u00e9nyel"],"Fix":["Jav\u00edt\u00e1s"],"Working as it should":["\u00dagy m\u0171k\u00f6dik, ahogy kell"],"OK":["Rendben"],"Nothing to do":["Nincs teend\u0151"],"No action":["Nincs m\u0171velet"],"%1$d of %2$d":["%1$d \/ %2$d"],"Your badge":["Az \u00d6n jelv\u00e9nye"],"Your image files":["Az \u00d6n k\u00e9pf\u00e1jljai"],"Your pages":["Az \u00d6n oldalai"],"Your chat":["Az \u00d6n cseveg\u00e9se"],"not scored":["nincs pontozva"],"No chat told to us, so it is not counted either way.":["Nem jelzett cseveg\u00e9st, \u00edgy ez egyik ir\u00e1nyba sem sz\u00e1m\u00edt."],"Your writing":["Az \u00d6n sz\u00f6vege"],"This site does not publish on matters of public interest, so text is not counted.":["Ez a webhely nem publik\u00e1l k\u00f6z\u00e9rdek\u0171 \u00fcgyekben, \u00edgy a sz\u00f6veg nem sz\u00e1m\u00edt bele."],"The scope question is unanswered, so text is not counted either way.":["A hat\u00e1lyra vonatkoz\u00f3 k\u00e9rd\u00e9s megv\u00e1laszolatlan, \u00edgy a sz\u00f6veg egyik ir\u00e1nyba sem sz\u00e1m\u00edt."],"Your record":["Az \u00d6n nyilv\u00e1ntart\u00e1sa"],"%1$d of %2$d steps":["%1$d \/ %2$d l\u00e9p\u00e9s"],"On track":["J\u00f3 \u00faton"],"In progress":["Folyamatban"],"Turn all three on":["Mindh\u00e1rom bekapcsol\u00e1sa"],"The server could not load your pages at all.":["A kiszolg\u00e1l\u00f3 egy\u00e1ltal\u00e1n nem tudta bet\u00f6lteni az oldalait."],"Your pages asked for a password.":["Az oldalai jelsz\u00f3t k\u00e9rtek."],"Your pages came back almost empty.":["Az oldalai szinte \u00fcresen t\u00e9rtek vissza."],"The scan could not reach this site\u2019s own API, so nothing was checked.":["A vizsg\u00e1lat nem \u00e9rte el az oldal saj\u00e1t API-j\u00e1t, ez\u00e9rt semmit nem ellen\u0151rizt\u00fcnk."],"We could not read your own pages":["Nem tudtuk elolvasni a saj\u00e1t oldalait"],"Plugins and library were checked, but a script-added chat widget would have been missed.":["A b\u0151v\u00edtm\u00e9nyeket \u00e9s a k\u00f6nyvt\u00e1rat ellen\u0151rizt\u00fck, de egy szkripttel hozz\u00e1adott cseveg\u0151modul elker\u00fclte volna a figyelm\u00fcnket."],"0 pages, tried %s":["0 oldal, megpr\u00f3b\u00e1ltuk: %s"],"0 pages read":["0 beolvasott oldal"],"We asked your server to load a few of your own pages and it could not. %s A firewall or security plugin is the usual cause.":["Megk\u00e9rt\u00fck a kiszolg\u00e1l\u00f3j\u00e1t, hogy t\u00f6lts\u00f6n be n\u00e9h\u00e1nyat a saj\u00e1t oldalai k\u00f6z\u00fcl, \u00e9s nem siker\u00fclt neki. %s Az ok rendszerint t\u0171zfal vagy biztons\u00e1gi b\u0151v\u00edtm\u00e9ny."],"Your pages returned an error (%s).":["Az oldalai hib\u00e1t adtak vissza (%s)."],"unknown":["ismeretlen"],"Press Re-scan at the top of this report.":["Nyomja meg az \u00dajravizsg\u00e1lat gombot a jelent\u00e9s tetej\u00e9n."],"If it keeps failing, ask your host, or switch off any security plugin that blocks loopback requests, and re-scan.":["Ha tov\u00e1bbra is sikertelen, k\u00e9rdezze meg a t\u00e1rhelyszolg\u00e1ltat\u00f3j\u00e1t, vagy kapcsolja ki azt a biztons\u00e1gi b\u0151v\u00edtm\u00e9nyt, amely blokkolja a loopback k\u00e9r\u00e9seket, majd vizsg\u00e1lja meg \u00fajra."],"Checked: your site address and your server\u2019s own address. Result: %s.":["Ellen\u0151rizve: az oldal c\u00edme \u00e9s a kiszolg\u00e1l\u00f3 saj\u00e1t c\u00edme. Eredm\u00e9ny: %s."],"no result":["nincs eredm\u00e9ny"],"Your AI images carry a label visitors can see":["Az MI-k\u00e9pein l\u00e1togat\u00f3k sz\u00e1m\u00e1ra l\u00e1that\u00f3 jel\u00f6l\u00e9s van"],"Visitors cannot tell which of your images were made by AI":["A l\u00e1togat\u00f3k nem tudj\u00e1k meg\u00e1llap\u00edtani, mely k\u00e9pei k\u00e9sz\u00fcltek MI-vel"],"The visible label is on, and %s image is marked as AI, so the label appears on it wherever it is shown.":["A l\u00e1that\u00f3 jel\u00f6l\u00e9s be van kapcsolva, \u00e9s %s k\u00e9p van MI-k\u00e9nt megjel\u00f6lve, \u00edgy a jel\u00f6l\u00e9s megjelenik rajta minden\u00fctt, ahol l\u00e1tszik.","A l\u00e1that\u00f3 jel\u00f6l\u00e9s be van kapcsolva, \u00e9s %s k\u00e9p van MI-k\u00e9nt megjel\u00f6lve, \u00edgy a jel\u00f6l\u00e9s megjelenik rajtuk minden\u00fctt, ahol l\u00e1tszanak."],"The label is on. Nothing is marked as AI yet.":["A jel\u00f6l\u00e9s be van kapcsolva. M\u00e9g semmi sincs MI-k\u00e9nt megjel\u00f6lve."],"You have marked %s image as AI, but the visible label is switched off, so nobody looking at your site can see it.":["%s k\u00e9pet jel\u00f6lt meg MI-k\u00e9nt, de a l\u00e1that\u00f3 jel\u00f6l\u00e9s ki van kapcsolva, \u00edgy senki, aki az oldal\u00e1t n\u00e9zi, nem l\u00e1tja.","%s k\u00e9pet jel\u00f6lt meg MI-k\u00e9nt, de a l\u00e1that\u00f3 jel\u00f6l\u00e9s ki van kapcsolva, \u00edgy senki, aki az oldal\u00e1t n\u00e9zi, nem l\u00e1tja \u0151ket."],"The visible label is switched off, so any image you mark as AI will carry no label a visitor can see.":["A l\u00e1that\u00f3 jel\u00f6l\u00e9s ki van kapcsolva, \u00edgy minden k\u00e9p, amelyet MI-k\u00e9nt megjel\u00f6l, l\u00e1togat\u00f3 \u00e1ltal l\u00e1that\u00f3 jel\u00f6l\u00e9s n\u00e9lk\u00fcl marad."],"%s image marked":["%s megjel\u00f6lt k\u00e9p","%s megjel\u00f6lt k\u00e9p"],"The badge is the one disclosure a person can see without opening anything, and what Article 50 asks for.":["A jelv\u00e9ny az egyetlen t\u00e1j\u00e9koztat\u00e1s, amelyet b\u00e1rki l\u00e1t an\u00e9lk\u00fcl, hogy b\u00e1rmit megnyitna, \u00e9s pontosan ezt k\u00e9ri az 50. cikk."],"Open the Badge tab and switch on \u201cShow the badge on the front end\u201d.":["Nyissa meg a Jelv\u00e9ny lapot, \u00e9s kapcsolja be a \u201eMegjelen\u00edt\u00e9s az oldalon\u201d lehet\u0151s\u00e9get."],"Choose how it looks, then save.":["V\u00e1lassza ki, hogyan n\u00e9zzen ki, majd mentsen."],"Change how it looks":["Megjelen\u00e9s m\u00f3dos\u00edt\u00e1sa"],"Open the Badge tab":["Jelv\u00e9ny lap megnyit\u00e1sa"],"Checked: Badge, show on the front end. Currently on.":["Ellen\u0151rizve: Jelv\u00e9ny, megjelen\u00edt\u00e9s az oldalon. Jelenleg bekapcsolva."],"Checked: Badge, show on the front end. Currently off.":["Ellen\u0151rizve: Jelv\u00e9ny, megjelen\u00edt\u00e9s az oldalon. Jelenleg kikapcsolva."],"Visitors are told when AI is answering your chat":["A l\u00e1togat\u00f3k \u00e9rtes\u00fclnek r\u00f3la, ha MI v\u00e1laszol a cseveg\u00e9s\u00e9ben"],"The notice is on and appears beside your chat widget.":["A k\u00f6zlem\u00e9ny be van kapcsolva, \u00e9s a cseveg\u0151modul mellett jelenik meg."],"%d chat tool found":["%d cseveg\u0151eszk\u00f6z tal\u00e1lhat\u00f3","%d cseveg\u0151eszk\u00f6z tal\u00e1lhat\u00f3"],"Article 50(1) asks you to tell people when they are dealing with an AI. This notice does that.":["Az 50. cikk (1) bekezd\u00e9se el\u0151\u00edrja, hogy t\u00e1j\u00e9koztassa az embereket, ha MI-vel van dolguk. Ez a k\u00f6zlem\u00e9ny ezt teszi."],"Change the wording":["Sz\u00f6veg m\u00f3dos\u00edt\u00e1sa"],"Checked: Settings, show the AI-assistant notice. Currently on.":["Ellen\u0151rizve: Be\u00e1ll\u00edt\u00e1sok, az MI-asszisztensr\u0151l sz\u00f3l\u00f3 k\u00f6zlem\u00e9ny megjelen\u00edt\u00e9se. Jelenleg bekapcsolva."],"An AI can answer your chat and visitors are not told":["MI v\u00e1laszolhat a cseveg\u00e9s\u00e9ben, \u00e9s a l\u00e1togat\u00f3k err\u0151l nem kapnak t\u00e1j\u00e9koztat\u00e1st"],"We found %s on your site. It can be answered by AI, and your chat notice is switched off.":["Az oldal\u00e1n megtal\u00e1ltuk ezt: %s. MI v\u00e1laszolhat rajta, \u00e9s a cseveg\u00e9si k\u00f6zlem\u00e9nye ki van kapcsolva.","Az oldal\u00e1n megtal\u00e1ltuk ezeket: %s. MI v\u00e1laszolhat rajtuk, \u00e9s a cseveg\u00e9si k\u00f6zlem\u00e9nye ki van kapcsolva."],"Article 50(1) asks you to tell people when they are dealing with an AI. Found by scanning, so it does not change your score.":["Az 50. cikk (1) bekezd\u00e9se el\u0151\u00edrja, hogy t\u00e1j\u00e9koztassa az embereket, ha MI-vel van dolguk. Vizsg\u00e1lattal tal\u00e1ltuk, \u00edgy nem m\u00f3dos\u00edtja a pontsz\u00e1m\u00e1t."],"Say below who actually answers your chat.":["Adja meg al\u00e1bb, ki v\u00e1laszol val\u00f3j\u00e1ban a cseveg\u00e9s\u00e9ben."],"If people, not AI, answer it, choose \u201cPeople answer it\u201d. Announcing an AI that is really your team would mislead your own visitors.":["Ha emberek v\u00e1laszolnak, nem MI, v\u00e1lassza az \u201eEmberek v\u00e1laszolnak\u201d lehet\u0151s\u00e9get. Olyan MI bejelent\u00e9se, amely val\u00f3j\u00e1ban a csapata, f\u00e9lrevezetn\u00e9 a saj\u00e1t l\u00e1togat\u00f3it."],"AI answers it":["MI v\u00e1laszol"],"Both":["Mindkett\u0151"],"People answer it":["Emberek v\u00e1laszolnak"],"Checked: Settings, show the AI-assistant notice. Currently off. Found: %s.":["Ellen\u0151rizve: Be\u00e1ll\u00edt\u00e1sok, az MI-asszisztensr\u0151l sz\u00f3l\u00f3 k\u00f6zlem\u00e9ny megjelen\u00edt\u00e9se. Jelenleg kikapcsolva. Tal\u00e1lat: %s."],"%1$s, by %2$s":["%1$s, k\u00e9sz\u00edtette: %2$s"],"plugin match":["b\u0151v\u00edtm\u00e9nytal\u00e1lat"],"No chat notice, and no chat we can see to put one on":["Nincs cseveg\u00e9si k\u00f6zlem\u00e9ny, \u00e9s nincs cseveg\u00e9s sem, amire kitehetn\u00e9nk"],"No chat widget told to us or found, so this is left out of your score.":["Nem jelzett \u00e9s nem is tal\u00e1ltunk cseveg\u0151modult, \u00edgy ez kimarad a pontsz\u00e1m\u00e1b\u00f3l."],"If we missed a chat widget, switch the notice on in Settings and name its CSS selector there.":["Ha elker\u00fclte a figyelm\u00fcnket egy cseveg\u0151modul, kapcsolja be a k\u00f6zlem\u00e9nyt a Be\u00e1ll\u00edt\u00e1sokban, \u00e9s adja meg ott a CSS-v\u00e1laszt\u00f3j\u00e1t."],"Open the Settings tab":["Be\u00e1ll\u00edt\u00e1sok lap megnyit\u00e1sa"],"Checked: Settings, show the AI-assistant notice, and the extra widget selectors box. Both empty.":["Ellen\u0151rizve: Be\u00e1ll\u00edt\u00e1sok, az MI-asszisztensr\u0151l sz\u00f3l\u00f3 k\u00f6zlem\u00e9ny megjelen\u00edt\u00e9se, \u00e9s a tov\u00e1bbi widgetszelektorok mez\u0151je. Mindkett\u0151 \u00fcres."],"We do not know whether your post text needs an AI disclosure":["Nem tudjuk, hogy a bejegyz\u00e9ssz\u00f6veg\u00e9hez sz\u00fcks\u00e9ges-e MI-k\u00f6zl\u00e9s"],"One question is unanswered, so this report is silent on your written posts.":["Egy k\u00e9rd\u00e9s megv\u00e1laszolatlan, \u00edgy ez a jelent\u00e9s hallgat az \u00d6n meg\u00edrt bejegyz\u00e9seir\u0151l."],"1 question":["1 k\u00e9rd\u00e9s"],"Article 50(4) asks you to disclose AI-written text, but only where it informs the public on matters of public interest. Most sites are not covered.":["Az 50. cikk (4) bekezd\u00e9se el\u0151\u00edrja az MI \u00e1ltal \u00edrt sz\u00f6veg felt\u00fcntet\u00e9s\u00e9t, de csak ott, ahol az a nyilv\u00e1noss\u00e1got k\u00f6z\u00e9rdek\u0171 \u00fcgyekben t\u00e1j\u00e9koztatja. A legt\u00f6bb webhelyre ez nem vonatkozik."],"Open the Posts tab and find \u201cDoes this site publish text to inform the public on matters of public interest?\u201d.":["Nyissa meg a Bejegyz\u00e9sek lapot, \u00e9s keresse meg a \u201eTesz-e k\u00f6zz\u00e9 ez a webhely sz\u00f6veget a nyilv\u00e1noss\u00e1g k\u00f6z\u00e9rdek\u0171 \u00fcgyekben val\u00f3 t\u00e1j\u00e9koztat\u00e1sa c\u00e9lj\u00e1b\u00f3l?\u201d k\u00e9rd\u00e9st."],"Answer it once. If the answer is no, we will not ask you about your posts again.":["V\u00e1laszoljon egyszer. Ha a v\u00e1lasz nem, t\u00f6bb\u00e9 nem k\u00e9rdez\u00fcnk a bejegyz\u00e9seir\u0151l."],"Answer it in Posts":["V\u00e1laszoljon a Bejegyz\u00e9sek lapon"],"Checked: Posts, the public-interest question. Currently unanswered.":["Ellen\u0151rizve: Bejegyz\u00e9sek, a k\u00f6z\u00e9rdek\u0171 k\u00e9rd\u00e9s. Jelenleg megv\u00e1laszolatlan."],"Article 50(4) asks nothing of your post text":["Az 50. cikk (4) bekezd\u00e9se semmit nem k\u00e9r a bejegyz\u00e9ssz\u00f6veg\u00e9t\u0151l"],"The text duty does not reach this site, but you switched the disclosure on.":["A sz\u00f6vegk\u00f6telezetts\u00e9g nem terjed ki erre a webhelyre, de \u00d6n bekapcsolta a t\u00e1j\u00e9koztat\u00e1st."],"The text duty does not reach this site. You can still record how a post was written, in the editor.":["A sz\u00f6vegk\u00f6telezetts\u00e9g nem terjed ki erre a webhelyre. A szerkeszt\u0151ben ett\u0151l m\u00e9g r\u00f6gz\u00edtheti, hogyan k\u00e9sz\u00fclt egy bejegyz\u00e9s."],"Not required":["Nem k\u00f6telez\u0151"],"The duty is narrow on purpose. Nothing here is a gap, and what you disclose is offered rather than owed.":["A k\u00f6telezetts\u00e9g sz\u00e1nd\u00e9kosan sz\u0171k. Itt semmi sem hi\u00e1nyoss\u00e1g, \u00e9s amit felt\u00fcntet, azt felaj\u00e1nlja, nem tartozik vele."],"Change your answer":["V\u00e1lasz m\u00f3dos\u00edt\u00e1sa"],"Checked: Posts, the public-interest question. Answered no.":["Ellen\u0151rizve: Bejegyz\u00e9sek, a k\u00f6z\u00e9rdek\u0171 k\u00e9rd\u00e9s. Megv\u00e1laszolva: nem."],"Your AI-written posts carry a disclosure":["Az MI \u00e1ltal \u00edrt bejegyz\u00e9sei k\u00f6zl\u00e9st viselnek"],"Your AI-written posts carry no disclosure":["Az MI \u00e1ltal \u00edrt bejegyz\u00e9sei nem viselnek k\u00f6zl\u00e9st"],"The line is on. Marked posts say so unless reviewed with someone named as responsible.":["A sor be van kapcsolva. A megjel\u00f6lt bejegyz\u00e9sek ezt k\u00f6zlik, kiv\u00e9ve ha \u00e1tn\u00e9zt\u00e9k \u0151ket, \u00e9s meg van nevezve egy felel\u0151s szem\u00e9ly."],"This site is in scope for the Article 50(4) text duty, but the disclosure line is off. A post marked AI-written says nothing to a reader.":["Erre a webhelyre vonatkozik az 50. cikk (4) bekezd\u00e9se szerinti sz\u00f6vegk\u00f6telezetts\u00e9g, de a t\u00e1j\u00e9koztat\u00f3 sor ki van kapcsolva. Az MI \u00e1ltal \u00edrtk\u00e9nt megjel\u00f6lt bejegyz\u00e9s semmit sem mond az olvas\u00f3nak."],"Disclosure on":["K\u00f6zl\u00e9s bekapcsolva"],"Disclosure off":["K\u00f6zl\u00e9s kikapcsolva"],"The line readers see on a post written or rewritten by AI. It appears only where a disclosure is owed.":["A sor, amelyet az olvas\u00f3k egy MI \u00e1ltal \u00edrt vagy \u00e1t\u00edrt bejegyz\u00e9sn\u00e9l l\u00e1tnak. Csak ott jelenik meg, ahol a t\u00e1j\u00e9koztat\u00e1s k\u00f6telez\u0151."],"Open the Posts tab and switch on \u201cShow the disclosure on AI-written posts\u201d.":["Nyissa meg a Bejegyz\u00e9sek lapot, \u00e9s kapcsolja be a \u201eK\u00f6zl\u00e9s megjelen\u00edt\u00e9se az MI \u00e1ltal \u00edrt bejegyz\u00e9seken\u201d be\u00e1ll\u00edt\u00e1st."],"Mark each post in the editor, under \u201cAI content disclosure\u201d.":["Jel\u00f6lje meg minden bejegyz\u00e9st a szerkeszt\u0151ben, az \u201eMI-tartalom k\u00f6zl\u00e9se\u201d r\u00e9szn\u00e9l."],"Open the Posts tab":["Bejegyz\u00e9sek lap megnyit\u00e1sa"],"Checked: Posts, show the disclosure on AI-written posts. Currently on.":["Ellen\u0151rizve: Bejegyz\u00e9sek, k\u00f6zl\u00e9s megjelen\u00edt\u00e9se az MI \u00e1ltal \u00edrt bejegyz\u00e9seken. Jelenleg bekapcsolva."],"Checked: Posts, show the disclosure on AI-written posts. Currently off.":["Ellen\u0151rizve: Bejegyz\u00e9sek, k\u00f6zl\u00e9s megjelen\u00edt\u00e9se az MI \u00e1ltal \u00edrt bejegyz\u00e9seken. Jelenleg kikapcsolva."],"%d image looks AI-made but is not marked":["%d k\u00e9p MI-vel k\u00e9sz\u00fcltnek t\u0171nik, de nincs megjel\u00f6lve","%d k\u00e9p MI-vel k\u00e9sz\u00fcltnek t\u0171nik, de nincs megjel\u00f6lve"],"Inside its file we found either a record saying it was made by AI or the name of a known AI image tool, but you have not marked it, so your site presents it as if a person made it.":["A f\u00e1jlj\u00e1ban tal\u00e1ltunk vagy egy bejegyz\u00e9st arr\u00f3l, hogy MI-vel k\u00e9sz\u00fclt, vagy egy ismert MI-k\u00e9peszk\u00f6z nev\u00e9t, de \u00d6n nem jel\u00f6lte meg, \u00edgy az oldala \u00fagy mutatja be, mintha ember k\u00e9sz\u00edtette volna.","A f\u00e1jljaikban tal\u00e1ltunk vagy egy bejegyz\u00e9st arr\u00f3l, hogy MI-vel k\u00e9sz\u00fcltek, vagy egy ismert MI-k\u00e9peszk\u00f6z nev\u00e9t, de \u00d6n nem jel\u00f6lte meg \u0151ket, \u00edgy az oldala \u00fagy mutatja be \u0151ket, mintha ember k\u00e9sz\u00edtette volna."],"%1$d of %2$d checked":["%1$d \/ %2$d ellen\u0151rizve"],"We read each unmarked image for a source record and known AI tool names, checking the %d newest. We never mark an image for you.":["Minden megjel\u00f6letlen k\u00e9pet \u00e1tn\u00e9z\u00fcnk forr\u00e1sbejegyz\u00e9s \u00e9s ismert MI-eszk\u00f6znevek ut\u00e1n kutatva, a %d leg\u00fajabbat ellen\u0151rizve. Soha nem jel\u00f6l\u00fcnk meg k\u00e9pet \u00d6n helyett."],"Open the Media tab and find these images.":["Nyissa meg a M\u00e9dia lapot, \u00e9s keresse meg ezeket a k\u00e9peket."],"Set how each one was really made. Anything you set as AI gets the label, the mark inside the file and the note in your page code straight away.":["\u00c1ll\u00edtsa be, hogyan k\u00e9sz\u00fclt val\u00f3j\u00e1ban mindegyik. Amit MI-k\u00e9nt \u00e1ll\u00edt be, az azonnal megkapja a jel\u00f6l\u00e9st, a f\u00e1jlon bel\u00fcli jel\u00f6l\u00e9st \u00e9s a megjegyz\u00e9st az oldal k\u00f3dj\u00e1ban."],"Review in Media":["\u00c1tn\u00e9z\u00e9s a m\u00e9diat\u00e1rban"],"Mark them with a scan":["Megjel\u00f6l\u00e9s vizsg\u00e1lattal"],"Mark them automatically with Pro":["Automatikus megjel\u00f6l\u00e9s a Pr\u00f3val"],"Checked: the first 256 KB of each of the %d newest unmarked image files, on this server. Nothing left your site.":["Ellen\u0151rizve: a %d leg\u00fajabb megjel\u00f6letlen k\u00e9pf\u00e1jl els\u0151 256 KB-ja, ezen a kiszolg\u00e1l\u00f3n. Semmi nem hagyta el az oldal\u00e1t."],"You have not marked any images as AI yet":["M\u00e9g egyetlen k\u00e9pet sem jel\u00f6lt meg MI-k\u00e9nt"],"Your library holds %s image and none of it is marked. If none of your images were made by AI, that is the right answer and there is nothing to do here.":["A k\u00f6nyvt\u00e1r\u00e1ban %s k\u00e9p van, \u00e9s az nincs megjel\u00f6lve. Ha egyik k\u00e9pe sem k\u00e9sz\u00fclt MI-vel, ez a helyes v\u00e1lasz, \u00e9s itt nincs teend\u0151.","A k\u00f6nyvt\u00e1r\u00e1ban %s k\u00e9p van, \u00e9s egyik sincs megjel\u00f6lve. Ha egyik k\u00e9pe sem k\u00e9sz\u00fclt MI-vel, ez a helyes v\u00e1lasz, \u00e9s itt nincs teend\u0151."],"0 of %s marked":["0 \/ %s megjel\u00f6lve"],"Marked images are not scored: we cannot tell a site with no AI images from one that has not marked them.":["A megjel\u00f6lt k\u00e9pek nem sz\u00e1m\u00edtanak a pontsz\u00e1mba: nem tudjuk megk\u00fcl\u00f6nb\u00f6ztetni az MI-k\u00e9pek n\u00e9lk\u00fcli webhelyet att\u00f3l, amelyik nem jel\u00f6lte meg \u0151ket."],"Checked: your media library. %s images, 0 with an AI source type set.":["Ellen\u0151rizve: az \u00d6n m\u00e9diak\u00f6nyvt\u00e1ra. %s k\u00e9p, 0 be\u00e1ll\u00edtott MI-forr\u00e1st\u00edpussal."],"Your image files carry the mark inside them":["A k\u00e9pf\u00e1jljai magukban hordozz\u00e1k a jel\u00f6l\u00e9st"],"Nothing is written inside your image files":["A k\u00e9pf\u00e1jljaiba semmi nem \u00edr\u00f3dik"],"The mark is written into every image you mark as AI. %s file has been written so far, counting every size WordPress makes.":["A jel\u00f6l\u00e9s minden k\u00e9pbe be\u00edr\u00f3dik, amelyet MI-k\u00e9nt megjel\u00f6l. Eddig %s f\u00e1jl \u00edr\u00f3dott, belesz\u00e1m\u00edtva minden m\u00e9retet, amelyet a WordPress k\u00e9sz\u00edt.","A jel\u00f6l\u00e9s minden k\u00e9pbe be\u00edr\u00f3dik, amelyet MI-k\u00e9nt megjel\u00f6l. Eddig %s f\u00e1jl \u00edr\u00f3dott, belesz\u00e1m\u00edtva minden m\u00e9retet, amelyet a WordPress k\u00e9sz\u00edt."],"The file mark is off, so a downloaded image carries nothing saying it was AI.":["A f\u00e1jlon bel\u00fcli jel\u00f6l\u00e9s ki van kapcsolva, \u00edgy egy let\u00f6lt\u00f6tt k\u00e9p semmit sem hordoz arr\u00f3l, hogy MI-b\u0151l sz\u00e1rmazott."],"%s file written":["%s f\u00e1jl be\u00edrva","%s f\u00e1jl be\u00edrva"],"A short note inside the image file itself, so it travels when the file does.":["R\u00f6vid megjegyz\u00e9s mag\u00e1ban a k\u00e9pf\u00e1jlban, amely a f\u00e1jllal egy\u00fctt utazik."],"Open the Settings tab and switch on \u201cEmbed IPTC\/XMP into files\u201d.":["Nyissa meg a Be\u00e1ll\u00edt\u00e1sok lapot, \u00e9s kapcsolja be az \u201eIPTC\/XMP be\u00e1gyaz\u00e1sa a f\u00e1jlokba\u201d lehet\u0151s\u00e9get."],"Save. New marks are written from then on.":["Mentsen. Az \u00faj jel\u00f6l\u00e9sek att\u00f3l kezdve \u00edr\u00f3dnak."],"Checked: Settings, embed IPTC\/XMP into files. Currently on.":["Ellen\u0151rizve: Be\u00e1ll\u00edt\u00e1sok, IPTC\/XMP be\u00e1gyaz\u00e1sa a f\u00e1jlokba. Jelenleg bekapcsolva."],"Checked: Settings, embed IPTC\/XMP into files. Currently off.":["Ellen\u0151rizve: Be\u00e1ll\u00edt\u00e1sok, IPTC\/XMP be\u00e1gyaz\u00e1sa a f\u00e1jlokba. Jelenleg kikapcsolva."],"Search engines are told which of your images are AI":["A keres\u0151motorok megtudj\u00e1k, mely k\u00e9pei MI-vel k\u00e9sz\u00fcltek"],"Search engines are not told which of your images are AI":["A keres\u0151motorok nem tudj\u00e1k meg, mely k\u00e9pei MI-vel k\u00e9sz\u00fcltek"],"The page-code note is on, so every page with a marked image says so.":["Az oldal k\u00f3dj\u00e1ban l\u00e9v\u0151 megjegyz\u00e9s be van kapcsolva, \u00edgy minden megjel\u00f6lt k\u00e9pet tartalmaz\u00f3 oldal k\u00f6zli ezt."],"The note in your page code is switched off, so a search engine or a detection tool reading your pages sees nothing that says an image was made by AI.":["Az oldal k\u00f3dj\u00e1ban l\u00e9v\u0151 megjegyz\u00e9s ki van kapcsolva, \u00edgy egy keres\u0151motor vagy felismer\u0151 eszk\u00f6z, amely az oldalait olvassa, semmit nem l\u00e1t arr\u00f3l, hogy egy k\u00e9p MI-vel k\u00e9sz\u00fclt."],"%s image declared":["%s k\u00e9p felt\u00fcntetve","%s k\u00e9p felt\u00fcntetve"],"A block of JSON-LD in your page code that search engines read and visitors never see.":["Egy JSON-LD blokk az oldalai k\u00f3dj\u00e1ban, amelyet a keres\u0151motorok olvasnak, a l\u00e1togat\u00f3k pedig soha nem l\u00e1tnak."],"Open the Settings tab and switch on \u201cOutput schema.org JSON-LD\u201d.":["Nyissa meg a Be\u00e1ll\u00edt\u00e1sok lapot, \u00e9s kapcsolja be a \u201eschema.org JSON-LD ki\u00edr\u00e1sa\u201d lehet\u0151s\u00e9get."],"Save. It applies to every page from then on.":["Mentsen. Att\u00f3l kezdve minden oldalra vonatkozik."],"Checked: Settings, output schema.org JSON-LD. Currently on.":["Ellen\u0151rizve: Be\u00e1ll\u00edt\u00e1sok, schema.org JSON-LD ki\u00edr\u00e1sa. Jelenleg bekapcsolva."],"Checked: Settings, output schema.org JSON-LD. Currently off.":["Ellen\u0151rizve: Be\u00e1ll\u00edt\u00e1sok, schema.org JSON-LD ki\u00edr\u00e1sa. Jelenleg kikapcsolva."],"Every image you marked carries the mark inside its file":["Minden megjel\u00f6lt k\u00e9pe hordozza a jel\u00f6l\u00e9st a f\u00e1jlj\u00e1ban"],"Some images you marked have no mark inside the file":["N\u00e9h\u00e1ny megjel\u00f6lt k\u00e9p\u00e9ben nincs jel\u00f6l\u00e9s a f\u00e1jlon bel\u00fcl"],"All %1$s%% of the images you marked as AI have been written to.":["A MI-k\u00e9nt megjel\u00f6lt k\u00e9pek mind a %1$s%%-a be lett \u00edrva."],"%1$s%% of your marked images have been written to. The rest are still labelled and declared.":["A megjel\u00f6lt k\u00e9peinek %1$s %%-a lett be\u00edrva. A t\u00f6bbi tov\u00e1bbra is jel\u00f6lt \u00e9s felt\u00fcntetett."],"%s%% of marked images":["a megjel\u00f6lt k\u00e9pek %s%%-a"],"Writing can fail for one image and succeed for the next. This figure counts images, not files.":["Az \u00edr\u00e1s az egyik k\u00e9pn\u00e9l meghi\u00fasulhat, a k\u00f6vetkez\u0151n\u00e9l siker\u00fclhet. Ez a sz\u00e1m k\u00e9peket sz\u00e1mol, nem f\u00e1jlokat."],"Open the Metadata tab and re-run the write over your marked images.":["Nyissa meg a Metaadatok lapot, \u00e9s futtassa \u00fajra az \u00edr\u00e1st a megjel\u00f6lt k\u00e9pein."],"If a whole format is missing, read the format finding in this report instead: that one is your server, not your settings.":["Ha egy eg\u00e9sz form\u00e1tum hi\u00e1nyzik, olvassa el helyette a jelent\u00e9s form\u00e1tumokra vonatkoz\u00f3 meg\u00e1llap\u00edt\u00e1s\u00e1t: az a kiszolg\u00e1l\u00f3j\u00e1r\u00f3l sz\u00f3l, nem a be\u00e1ll\u00edt\u00e1sair\u00f3l."],"Open the Metadata tab":["Metaadatok lap megnyit\u00e1sa"],"Checked: %1$s%% of marked images. Separately, %2$s file has been written, counting every size WordPress generates.":["Ellen\u0151rizve: a megjel\u00f6lt k\u00e9pek %1$s%%-a. Ett\u0151l f\u00fcggetlen\u00fcl %2$s f\u00e1jl \u00edr\u00f3dott, belesz\u00e1m\u00edtva minden m\u00e9retet, amelyet a WordPress el\u0151\u00e1ll\u00edt.","Ellen\u0151rizve: a megjel\u00f6lt k\u00e9pek %1$s%%-a. Ett\u0151l f\u00fcggetlen\u00fcl %2$s f\u00e1jl \u00edr\u00f3dott, belesz\u00e1m\u00edtva minden m\u00e9retet, amelyet a WordPress el\u0151\u00e1ll\u00edt."],"Your written record of how AI is used here is complete":["Az MI itteni haszn\u00e1lat\u00e1r\u00f3l sz\u00f3l\u00f3 \u00edr\u00e1sos nyilv\u00e1ntart\u00e1sa teljes"],"Your written record of how AI is used here is unfinished":["Az MI itteni haszn\u00e1lat\u00e1r\u00f3l sz\u00f3l\u00f3 \u00edr\u00e1sos nyilv\u00e1ntart\u00e1sa befejezetlen"],"All %1$d steps are recorded. Add a date or note on Readiness to make it stand alone.":["Mind a(z) %1$d l\u00e9p\u00e9s r\u00f6gz\u00edtve van. Adjon hozz\u00e1 d\u00e1tumot vagy megjegyz\u00e9st a Felk\u00e9sz\u00fclts\u00e9gn\u00e9l, hogy a nyilv\u00e1ntart\u00e1s \u00f6nmag\u00e1ban is meg\u00e1lljon."],"You have recorded %1$d of %2$d steps. The rest are gaps you would explain from memory.":["%1$d l\u00e9p\u00e9st r\u00f6gz\u00edtett a(z) %2$d k\u00f6z\u00fcl. A t\u00f6bbi olyan hi\u00e1nyoss\u00e1g, amelyet eml\u00e9kezetb\u0151l kellene megmagyar\u00e1znia."],"Article 4 asks you to show that people using AI here know what they are doing. A written record, not a course.":["A 4. cikk el\u0151\u00edrja annak igazol\u00e1s\u00e1t, hogy akik itt MI-t haszn\u00e1lnak, tudj\u00e1k, mit tesznek. \u00cdr\u00e1sos nyilv\u00e1ntart\u00e1s, nem tanfolyam."],"Tick a step below the moment it is true of how you actually work.":["Jel\u00f6lj\u00f6n be egy al\u00e1bbi l\u00e9p\u00e9st abban a pillanatban, amikor igaz arra, ahogyan val\u00f3j\u00e1ban dolgozik."],"Add a date or a note against it on the Readiness tab, if you want the record to stand on its own.":["\u00cdrjon hozz\u00e1 d\u00e1tumot vagy megjegyz\u00e9st a Felk\u00e9sz\u00fclts\u00e9g lapon, ha azt szeretn\u00e9, hogy a nyilv\u00e1ntart\u00e1s \u00f6nmag\u00e1ban is meg\u00e1lljon."],"Open the Readiness tab":["Felk\u00e9sz\u00fclts\u00e9g lap megnyit\u00e1sa"],"Checked: the Article 4 checklist saved on this site. %1$d of %2$d ticked.":["Ellen\u0151rizve: az oldalon mentett, 4. cikk szerinti ellen\u0151rz\u0151lista. Bejel\u00f6lve %1$d \/ %2$d."],"%d AI tool on your site can make content":["Az oldal\u00e1n %d MI-eszk\u00f6z k\u00e9pes tartalmat el\u0151\u00e1ll\u00edtani","Az oldal\u00e1n %d MI-eszk\u00f6z k\u00e9pes tartalmat el\u0151\u00e1ll\u00edtani"],"We found %s. Anything you publish from it should be marked like any other AI image or text.":["Tal\u00e1ltunk egyet: %s. B\u00e1rmit, amit ebb\u0151l k\u00f6zz\u00e9tesz, ugyan\u00fagy meg kell jel\u00f6lni, mint b\u00e1rmely m\u00e1s MI-k\u00e9pet vagy sz\u00f6veget.","Tal\u00e1ltunk ilyeneket: %s. B\u00e1rmit, amit ezekb\u0151l k\u00f6zz\u00e9tesz, ugyan\u00fagy meg kell jel\u00f6lni, mint b\u00e1rmely m\u00e1s MI-k\u00e9pet vagy sz\u00f6veget."],"%d tool found":["%d eszk\u00f6z tal\u00e1lhat\u00f3","%d eszk\u00f6z tal\u00e1lhat\u00f3"],"Having the tool installed is not a fault and changes nothing in your score.":["Az, hogy az eszk\u00f6z telep\u00edtve van, nem hiba, \u00e9s semmit sem v\u00e1ltoztat a pontsz\u00e1m\u00e1n."],"Checked: %1$s, found by %2$s, Article %3$s.":["Ellen\u0151rizve: %1$s, tal\u00e1lta: %2$s, %3$s. cikk."],"New uploads carrying AI provenance are marked for you":["Az MI-eredetet hordoz\u00f3 \u00faj felt\u00f6lt\u00e9seket megjel\u00f6lj\u00fck \u00d6n helyett"],"Marking images automatically is a paid extra":["A k\u00e9pek automatikus megjel\u00f6l\u00e9se fizet\u0151s kieg\u00e9sz\u00edt\u00e9s"],"Automatic marking is active, so an upload declaring AI is marked on the way in.":["Az automatikus megjel\u00f6l\u00e9s akt\u00edv, \u00edgy az MI-t deklar\u00e1l\u00f3 felt\u00f6lt\u00e9s m\u00e1r bel\u00e9p\u00e9skor megjel\u00f6l\u00e9sre ker\u00fcl."],"This is not a fault and it does not affect your score. Everything this report scores works on the free plugin.":["Ez nem hiba, \u00e9s nem befoly\u00e1solja a pontsz\u00e1m\u00e1t. Minden, amit ez a jelent\u00e9s pontoz, m\u0171k\u00f6dik az ingyenes b\u0151v\u00edtm\u00e9nyben."],"active":["akt\u00edv"],"not installed":["nincs telep\u00edtve"],"You can turn it off in Settings, under Automation, if you would rather mark everything by hand.":["Kikapcsolhatja a Be\u00e1ll\u00edt\u00e1sokban, az Automatiz\u00e1l\u00e1s r\u00e9szn\u00e9l, ha ink\u00e1bb mindent k\u00e9zzel jel\u00f6lne meg."],"Pro reads the record AI tools leave inside a file and marks the image on upload.":["A Pro elolvassa a bejegyz\u00e9st, amelyet az MI-eszk\u00f6z\u00f6k a f\u00e1jlban hagynak, \u00e9s felt\u00f6lt\u00e9skor megjel\u00f6li a k\u00e9pet."],"Checked: Settings, auto-flag AI images on upload. Currently on.":["Ellen\u0151rizve: Be\u00e1ll\u00edt\u00e1sok, MI-k\u00e9pek automatikus megjel\u00f6l\u00e9se felt\u00f6lt\u00e9skor. Jelenleg bekapcsolva."],"Checked: licence state on this site. No Pro licence active.":["Ellen\u0151rizve: licenc\u00e1llapot ezen az oldalon. Nincs akt\u00edv Pro licenc."],"Your site is listed in the public transparency directory":["Az oldala szerepel a nyilv\u00e1nos \u00e1tl\u00e1that\u00f3s\u00e1gi jegyz\u00e9kben"],"You can list this site in the public transparency directory":["Felveheti ezt az oldalt a nyilv\u00e1nos \u00e1tl\u00e1that\u00f3s\u00e1gi jegyz\u00e9kbe"],"Anyone can look your site up. Listing is optional and changes nothing about your score.":["B\u00e1rki r\u00e1kereshet a webhely\u00e9re. A jegyz\u00e9kbe v\u00e9tel \u00f6nk\u00e9ntes, \u00e9s semmit sem v\u00e1ltoztat a pontsz\u00e1m\u00e1n."],"Listing is optional, free, and changes nothing about your score or your site. It is a public page saying this site discloses its AI content.":["A felv\u00e9tel nem k\u00f6telez\u0151, ingyenes, \u00e9s semmit nem v\u00e1ltoztat a pontsz\u00e1m\u00e1n vagy az oldal\u00e1n. Ez egy nyilv\u00e1nos oldal, amely kimondja, hogy ez az oldal felt\u00fcnteti az MI-tartalm\u00e1t."],"listed":["szerepel"],"not listed":["nem szerepel"],"Nothing is sent anywhere unless you switch it on, and you can remove the listing at any time.":["Semmi nem ker\u00fcl sehov\u00e1 elk\u00fcld\u00e9sre, am\u00edg be nem kapcsolja, \u00e9s a bejegyz\u00e9st b\u00e1rmikor elt\u00e1vol\u00edthatja."],"Open the Directory tab":["Jegyz\u00e9k lap megnyit\u00e1sa"],"Checked: Directory, list this site. Currently on.":["Ellen\u0151rizve: Jegyz\u00e9k, ezen oldal felv\u00e9tele. Jelenleg bekapcsolva."],"Checked: Directory, list this site. Currently off.":["Ellen\u0151rizve: Jegyz\u00e9k, ezen oldal felv\u00e9tele. Jelenleg kikapcsolva."],"What this means":["Mit jelent ez"],"Marking\u2026":["Megjel\u00f6l\u00e9s\u2026"],"Mark done":["Megjel\u00f6l\u00e9s k\u00e9szk\u00e9nt"],"What to do":["Mi a teend\u0151"],"Automatic marking":["Automatikus megjel\u00f6l\u00e9s"],"Read the provenance AI tools embed and mark images automatically on upload, with no manual tagging.":["Beolvassa az MI-eszk\u00f6z\u00f6k \u00e1ltal be\u00e1gyazott eredetadatot, \u00e9s felt\u00f6lt\u00e9skor automatikusan megjel\u00f6li a k\u00e9peket, k\u00e9zi c\u00edmk\u00e9z\u00e9s n\u00e9lk\u00fcl."],"Working\u2026":["Folyamatban\u2026"],"Score: %d out of 100":["Pontsz\u00e1m: %d a 100-b\u00f3l"],"\/100":["\/100"],"Nothing needs your attention.":["Semmi nem ig\u00e9nyli a figyelm\u00e9t."],"%d thing needs your attention.":["%d dolog ig\u00e9nyli a figyelm\u00e9t.","%d dolog ig\u00e9nyli a figyelm\u00e9t."],"Everything checkable is set up and your record is complete.":["Minden ellen\u0151rizhet\u0151 be van \u00e1ll\u00edtva, \u00e9s a nyilv\u00e1ntart\u00e1sa teljes."],"The first one: %s.":["Az els\u0151 ezek k\u00f6z\u00fcl: %s."],"Take me to the first one":["Vigy\u00e9l az els\u0151h\u00f6z"],"Scored on %1$d of %2$d areas of your site.":["Az oldala %1$d \/ %2$d ter\u00fclet\u00e9n pontozva."],"%1$s is not scored on this site. %2$s":["A(z) %1$s nincs pontozva ezen az oldalon. %2$s"],"Scored from what you set up and recorded. Scan results below never change it.":["A pontsz\u00e1m abb\u00f3l sz\u00e1rmazik, amit be\u00e1ll\u00edtott \u00e9s r\u00f6gz\u00edtett. Az al\u00e1bbi vizsg\u00e1lati eredm\u00e9nyek soha nem m\u00f3dos\u00edtj\u00e1k."],"Run the scan again":["Vizsg\u00e1lat \u00fajrafuttat\u00e1sa"],"Scanning\u2026":["Vizsg\u00e1lat\u2026"],"Re-scan":["\u00dajravizsg\u00e1lat"],"Open everything":["\u00d6sszes megnyit\u00e1sa"],"Close everything":["\u00d6sszes bez\u00e1r\u00e1sa"],"Still reading your pages and your newest unmarked images. Anything we find is added below, and none of it changes your score.":["M\u00e9g olvassuk az oldalait \u00e9s a leg\u00fajabb megjel\u00f6letlen k\u00e9peit. Amit tal\u00e1lunk, al\u00e1bb hozz\u00e1adjuk, \u00e9s semmi ebb\u0151l nem v\u00e1ltoztatja meg a pontsz\u00e1m\u00e1t."],"Nothing recorded yet":["M\u00e9g nincs r\u00f6gz\u00edtve semmi"],"Recorded as made with AI":["MI-vel k\u00e9sz\u00fcltk\u00e9nt r\u00f6gz\u00edtve"],"Recorded as made without AI":["MI n\u00e9lk\u00fcl k\u00e9sz\u00fcltk\u00e9nt r\u00f6gz\u00edtve"],"Human":["Ember"],"You have not said how this image was made. Nothing is written into it and no label is shown.":["Nem mondta meg, hogyan k\u00e9sz\u00fclt ez a k\u00e9p. Semmi nem \u00edr\u00f3dik bele, \u00e9s nem jelenik meg jel\u00f6l\u00e9s."],"An AI tool made the whole image from a prompt or a description, with no photograph or drawing underneath it.":["Egy MI-eszk\u00f6z a teljes k\u00e9pet egy utas\u00edt\u00e1sb\u00f3l vagy le\u00edr\u00e1sb\u00f3l k\u00e9sz\u00edtette, alatta f\u00e9nyk\u00e9p vagy rajz n\u00e9lk\u00fcl."],"A real photograph or drawing that an AI tool then changed, extended or retouched.":["Val\u00f3di f\u00e9nyk\u00e9p vagy rajz, amelyet azt\u00e1n egy MI-eszk\u00f6z m\u00f3dos\u00edtott, kib\u0151v\u00edtett vagy retus\u00e1lt."],"AI was involved somewhere and you would rather not say how. This is the plain \u201cAI\u201d mark.":["Az MI valahol k\u00f6zrem\u0171k\u00f6d\u00f6tt, \u00e9s ink\u00e1bb nem mondan\u00e1 meg, hogyan. Ez az egyszer\u0171 \u201eMI\u201d jel\u00f6l\u00e9s."],"Made by software following rules rather than by a trained model: a chart, a fractal, a formula drawing.":["Szab\u00e1lyokat k\u00f6vet\u0151 szoftver k\u00e9sz\u00edtette, nem betan\u00edtott modell: diagram, frakt\u00e1l, k\u00e9plet alapj\u00e1n rajzolt \u00e1bra."],"A photograph taken with a camera or a phone, or a scan of something real.":["F\u00e9nyk\u00e9pez\u0151g\u00e9ppel vagy telefonnal k\u00e9sz\u00fclt f\u00e9nyk\u00e9p, vagy valami val\u00f3s\u00e1gos beolvas\u00e1sa."],"Drawn, painted, modelled or laid out by a person, in tools that do not generate anything themselves.":["Ember rajzolta, festette, mint\u00e1zta vagy t\u00f6rdelte, olyan eszk\u00f6z\u00f6kkel, amelyek magukt\u00f3l semmit nem \u00e1ll\u00edtanak el\u0151."],"Several real images combined by a person, with no AI anywhere in the mix.":["T\u00f6bb val\u00f3di k\u00e9p, amelyeket ember rakott \u00f6ssze, MI n\u00e9lk\u00fcl."],"The label is hidden for %s in the Badge tab, so no visitor sees this one.":["A jel\u00f6l\u00e9s a(z) %s t\u00edpusn\u00e1l el van rejtve a Jelv\u00e9ny lapon, \u00edgy ezt egyetlen l\u00e1togat\u00f3 sem l\u00e1tja."],"The label is switched off for your whole site, so no visitor sees this one.":["A jel\u00f6l\u00e9s az eg\u00e9sz oldal\u00e1n ki van kapcsolva, \u00edgy ezt egyetlen l\u00e1togat\u00f3 sem l\u00e1tja."],"A label saying so is drawn on this image, because you switched it on for this type.":["Ezen a k\u00e9pen err\u0151l sz\u00f3l\u00f3 jel\u00f6l\u00e9s jelenik meg, mert bekapcsolta ehhez a t\u00edpushoz."],"Open details for %s":["%s r\u00e9szleteinek megnyit\u00e1sa"],"How %s was made":["Hogyan k\u00e9sz\u00fclt: %s"],"Saved. %1$s is now recorded as %2$s.":["Mentve. A(z) %1$s mostant\u00f3l \u00edgy van r\u00f6gz\u00edtve: %2$s."],"Saved. %s has nothing recorded now.":["Mentve. A(z) %s eset\u00e9ben most nincs r\u00f6gz\u00edtve semmi."],"That did not save. %s is back to the answer it had. Try again in a moment.":["Ez nem ment\u0151d\u00f6tt el. A(z) %s vissza\u00e1llt a kor\u00e1bbi v\u00e1lasz\u00e1ra. Pr\u00f3b\u00e1lja \u00fajra egy pillanat m\u00falva."],"Source type recorded":["Forr\u00e1st\u00edpus r\u00f6gz\u00edtve"],"Nothing recorded":["Nincs r\u00f6gz\u00edtve semmi"],"There are no images in your library yet.":["M\u00e9g nincsenek k\u00e9pek a k\u00f6nyvt\u00e1r\u00e1ban."],"No image in your library has a source type recorded yet.":["A k\u00f6nyvt\u00e1r\u00e1ban m\u00e9g egyetlen k\u00e9pn\u00e9l sincs r\u00f6gz\u00edtve forr\u00e1st\u00edpus."],"Your one image has a source type recorded.":["Az egyetlen k\u00e9p\u00e9n\u00e9l r\u00f6gz\u00edtve van a forr\u00e1st\u00edpus.","A k\u00f6nyvt\u00e1r\u00e1ban mind a %s k\u00e9pn\u00e9l r\u00f6gz\u00edtve van a forr\u00e1st\u00edpus."],"%1$s of your %2$s images has a source type recorded.":["A(z) %2$s k\u00e9p\u00e9b\u0151l %1$s k\u00e9pn\u00e9l van r\u00f6gz\u00edtve forr\u00e1st\u00edpus.","A(z) %2$s k\u00e9p\u00e9b\u0151l %1$s k\u00e9pn\u00e9l van r\u00f6gz\u00edtve forr\u00e1st\u00edpus."],"Whatever you set here is also written inside the image file itself and into the note your pages give search engines.":["Amit itt be\u00e1ll\u00edt, az beker\u00fcl mag\u00e1ba a k\u00e9pf\u00e1jlba \u00e9s abba a megjegyz\u00e9sbe is, amelyet az oldalai a keres\u0151motoroknak adnak."],"Also written inside the image file. The note in your page code is off in Settings.":["A k\u00e9pf\u00e1jlba is be\u00edr\u00f3dik. Az oldalai k\u00f3dj\u00e1ban l\u00e9v\u0151 megjegyz\u00e9s a Be\u00e1ll\u00edt\u00e1sokban ki van kapcsolva."],"Also written into your page code. The mark inside the image file is off in Settings.":["Az oldalai k\u00f3dj\u00e1ba is be\u00edr\u00f3dik. A k\u00e9pf\u00e1jlon bel\u00fcli jel\u00f6l\u00e9s a Be\u00e1ll\u00edt\u00e1sokban ki van kapcsolva."],"The mark inside files and the note in your page code are both off in Settings.":["A f\u00e1jlokon bel\u00fcli jel\u00f6l\u00e9s \u00e9s az oldalai k\u00f3dj\u00e1ban l\u00e9v\u0151 megjegyz\u00e9s is ki van kapcsolva a Be\u00e1ll\u00edt\u00e1sokban."],"Nothing in your library matches \u201c%s\u201d. Clear the search to see all of it again.":["A k\u00f6nyvt\u00e1r\u00e1ban semmi nem felel meg ennek: \u201e%s\u201d. T\u00f6r\u00f6lje a keres\u00e9st, hogy \u00fajra mindent l\u00e1sson."],"No image has a source type recorded yet, so there is nothing to show here.":["M\u00e9g egyetlen k\u00e9pn\u00e9l sincs r\u00f6gz\u00edtve forr\u00e1st\u00edpus, \u00edgy itt nincs mit megjelen\u00edteni."],"Every image in your library has a source type recorded, so there is nothing left in this filter.":["A k\u00f6nyvt\u00e1r\u00e1ban minden k\u00e9pn\u00e9l r\u00f6gz\u00edtve van a forr\u00e1st\u00edpus, \u00edgy ebben a sz\u0171r\u0151ben nem marad semmi."],"There are no images in your library yet. Once you upload one it appears here.":["M\u00e9g nincsenek k\u00e9pek a k\u00f6nyvt\u00e1r\u00e1ban. Amint felt\u00f6lt egyet, itt megjelenik."],"Say how each image was made. Leaving one blank is a fair answer.":["Adja meg, hogyan k\u00e9sz\u00fclt az egyes k\u00e9pek. Egyet \u00fcresen hagyni tisztess\u00e9ges v\u00e1lasz."],"Show me the ones with nothing recorded":["Mutasd azokat, amelyekn\u00e9l nincs r\u00f6gz\u00edtve semmi"],"Show every image":["\u00d6sszes k\u00e9p mutat\u00e1sa"],"%s image":["%s k\u00e9p","%s k\u00e9p"],"Counts are your whole library, not this page. A blank source is not a fault.":["A sz\u00e1mok a teljes k\u00f6nyvt\u00e1r\u00e1ra vonatkoznak, nem erre az oldalra. Az \u00fcres forr\u00e1s nem hiba."],"Search by title or file name. The filter changes nothing about your images.":["Keressen c\u00edm vagy f\u00e1jln\u00e9v szerint. A sz\u0171r\u0151 semmit sem v\u00e1ltoztat a k\u00e9pein."],"What each answer means":["Mit jelent az egyes v\u00e1lasz"],"Search your library by title or file name":["Keressen a k\u00f6nyvt\u00e1r\u00e1ban c\u00edm vagy f\u00e1jln\u00e9v szerint"],"Search\u2026":["Keres\u00e9s\u2026"],"All":["Mind"],"With AI":["MI-vel"],"Without AI":["MI n\u00e9lk\u00fcl"],"Reading your library\u2026":["A k\u00f6nyvt\u00e1r\u00e1nak beolvas\u00e1sa\u2026"],"Media pages":["M\u00e9dia oldalak"],"Page %1$s of %2$s":["%1$s \/ %2$s oldal"],"Previous":["El\u0151z\u0151"],"Go to page %s":["Ugr\u00e1s a(z) %s. oldalra"],"Next":["K\u00f6vetkez\u0151"],"%s other file in your library is not shown. AIM labels images today; video and audio are on the roadmap.":["%s tov\u00e1bbi f\u00e1jl nem jelenik meg a k\u00f6nyvt\u00e1r\u00e1ban. Az AIM jelenleg k\u00e9peket jel\u00f6l; a vide\u00f3 \u00e9s a hang tervben van.","%s tov\u00e1bbi f\u00e1jl nem jelenik meg a k\u00f6nyvt\u00e1r\u00e1ban. Az AIM jelenleg k\u00e9peket jel\u00f6l; a vide\u00f3 \u00e9s a hang tervben van."],"How this image was made":["Hogyan k\u00e9sz\u00fclt ez a k\u00e9p"],"Where the disclosure lives":["Hol jelenik meg a jel\u00f6l\u00e9s"],"Badge shows on your site":["A jelv\u00e9ny megjelenik az \u00d6n webhely\u00e9n"],"No badge":["Nincs jelv\u00e9ny"],"Visitors see it on the image":["A l\u00e1togat\u00f3k a k\u00e9pen l\u00e1tj\u00e1k"],"This type carries no visible badge on your site":["Ez a t\u00edpus nem jelen\u00edt meg l\u00e1that\u00f3 jelv\u00e9nyt az \u00d6n webhely\u00e9n"],"Nothing is claimed about this image":["Err\u0151l a k\u00e9pr\u0151l semmit sem \u00e1ll\u00edtunk"],"Written into the file":["A f\u00e1jlba \u00edrva"],"Readable by machines":["G\u00e9ppel olvashat\u00f3"],"schema.org JSON-LD on the page":["schema.org JSON-LD az oldalon"],"The full-size original kept beside this image is marked as well.":["A k\u00e9p mellett meg\u0151rz\u00f6tt teljes m\u00e9ret\u0171 eredeti is meg lesz jel\u00f6lve."],"A full-size original is kept beside this image and is left unmarked.":["A k\u00e9p mellett meg\u0151rz\u00f6tt teljes m\u00e9ret\u0171 eredeti nem lesz megjel\u00f6lve."],"File":["F\u00e1jl"],"Filename":["F\u00e1jln\u00e9v"],"Dimensions":["M\u00e9retek"],"Size":["M\u00e9ret"],"Type":["T\u00edpus"],"Uploaded":["Felt\u00f6ltve"],"Sub-sizes":["Alm\u00e9retek"],"Show on the front end":["Megjelen\u00edt\u00e9s az oldalon"],"Draws the label on every marked image. With it off, the mark still goes inside the file.":["Minden megjel\u00f6lt k\u00e9pre kirajzolja a jel\u00f6l\u00e9st. Ha ki van kapcsolva, a jel\u00f6l\u00e9s akkor is a f\u00e1jlba ker\u00fcl."],"Label style":["Jelv\u00e9ny st\u00edlusa"],"EU is the European Commission\u2019s icon set. AIM redraws it in your page code. Custom gives you colours, shape and your logo.":["Az EU az Eur\u00f3pai Bizotts\u00e1g ikonk\u00e9szlete. Az AIM \u00fajrarajzolja azt az oldalai k\u00f3dj\u00e1ban. Az Egy\u00e9ni sz\u00edneket, alakot \u00e9s saj\u00e1t log\u00f3t ad \u00d6nnek."],"EU":["EU"],"AIM":["AIM"],"Custom":["Egy\u00e9ni"],"Compact mark":["Kompakt jel\u00f6l\u00e9s"],"Shows the plain AI circle on its own, with no Generated or Modified word beside it.":["Csak az egyszer\u0171 MI-k\u00f6rt mutatja, mellette a Gener\u00e1lt vagy M\u00f3dos\u00edtott sz\u00f3 n\u00e9lk\u00fcl."],"Position":["Poz\u00edci\u00f3"],"Which corner of the image the label sits in: top left, top right, bottom left or bottom right.":["A k\u00e9p melyik sark\u00e1ban van a jel\u00f6l\u00e9s: bal fels\u0151, jobb fels\u0151, bal als\u00f3 vagy jobb als\u00f3."],"TL":["BF"],"TR":["JF"],"BL":["BA"],"BR":["JA"],"Label text":["Felirat sz\u00f6vege"],"The wording on every badge. Leave it empty and each type keeps its own wording from the list below.":["A sz\u00f6veg minden jelv\u00e9nyen. Hagyja \u00fcresen, \u00e9s minden t\u00edpus megtartja a saj\u00e1t sz\u00f6veg\u00e9t az al\u00e1bbi list\u00e1b\u00f3l."],"AI-generated":["MI-gener\u00e1lt"],"Background":["H\u00e1tt\u00e9r"],"The fill behind the wording.":["A sz\u00f6veg m\u00f6g\u00f6tti kit\u00f6lt\u00e9s."],"Text colour":["Sz\u00f6vegsz\u00edn"],"The wording and the small dot beside it.":["A sz\u00f6veg \u00e9s a mellette l\u00e9v\u0151 kis pont."],"Border width":["Szeg\u00e9ly vastags\u00e1ga"],"A line drawn around the badge, which helps it hold its edge over a busy photograph.":["A jelv\u00e9ny k\u00f6r\u00e9 rajzolt vonal, amely seg\u00edt megtartani a sz\u00e9l\u00e9t egy mozgalmas f\u00e9nyk\u00e9p f\u00f6l\u00f6tt."],"None":["Nincs"],"Border colour":["Keretsz\u00edn"],"The colour of that line.":["Ennek a vonalnak a sz\u00edne."],"Corner radius":["Saroklekerek\u00edt\u00e9s"],"How round the four corners are.":["Mennyire kerek a n\u00e9gy sarok."],"Round":["Kerek"],"Shadow":["\u00c1rny\u00e9k"],"How far the badge lifts off the image behind it.":["Mennyire emelkedik ki a jelv\u00e9ny a m\u00f6g\u00f6tte l\u00e9v\u0151 k\u00e9pb\u0151l."],"Strong":["Er\u0151s"],"This is what a visitor sees on an image you have marked as AI.":["Ezt l\u00e1tja a l\u00e1togat\u00f3 egy olyan k\u00e9pen, amelyet MI-k\u00e9nt megjel\u00f6lt."],"Every marked image carries it, in the corner you choose.":["Minden megjel\u00f6lt k\u00e9p hordozza, az \u00d6n \u00e1ltal v\u00e1lasztott sarokban."],"Nobody sees it yet: the label is off. Turn on \u201cShow on the front end\u201d.":["M\u00e9g senki sem l\u00e1tja: a jel\u00f6l\u00e9s ki van kapcsolva. Kapcsolja be a \u201eMegjelen\u00edt\u00e9s az oldalon\u201d lehet\u0151s\u00e9get."],"Every label this style shows":["Minden jel\u00f6l\u00e9s, amelyet ez a st\u00edlus mutat"],"Shown":["L\u00e1that\u00f3"],"Hidden":["Rejtett"],"Hiding a label never removes the mark inside the file or the note in your page code.":["Egy jel\u00f6l\u00e9s elrejt\u00e9se soha nem t\u00e1vol\u00edtja el a f\u00e1jlon bel\u00fcli jel\u00f6l\u00e9st vagy az oldalai k\u00f3dj\u00e1ban l\u00e9v\u0151 megjegyz\u00e9st."],"Design":["Megjelen\u00e9s"],"Shape, colour and depth of the custom badge. Everything here redraws the preview above as you set it.":["Az egyedi jelv\u00e9ny form\u00e1ja, sz\u00edne \u00e9s m\u00e9lys\u00e9ge. Itt minden \u00fajrarajzolja a fenti el\u0151n\u00e9zetet, ahogy be\u00e1ll\u00edtja."],"Badge shape":["Jelv\u00e9ny alakja"],"The outline the badge is cut to. Some shapes carry their own edge.":["A k\u00f6rvonal, amelyre a jelv\u00e9nyt v\u00e1gj\u00e1k. Egyes alakzatoknak saj\u00e1t szeg\u00e9ly\u00fck van."],"Show the small dot":["Kis pont megjelen\u00edt\u00e9se"],"Your logo is the badge\u2019s mark now, so the dot stays hidden while a logo is set.":["Az \u00d6n log\u00f3ja most a jelv\u00e9ny jel\u00f6l\u00e9se, ez\u00e9rt a pont rejtve marad, am\u00edg log\u00f3 van be\u00e1ll\u00edtva."],"The small dot drawn before the label. Turn it off for a plainer mark.":["A felirat el\u00e9 rajzolt kis pont. Kapcsolja ki egyszer\u0171bb jel\u00f6l\u00e9shez."],"What each type shows":["Mit mutat az egyes t\u00edpus"],"Turn a type off to remove its label; the mark inside the file stays. Official icons carry their own wording.":["Kapcsoljon ki egy t\u00edpust a jel\u00f6l\u00e9se elt\u00e1vol\u00edt\u00e1s\u00e1hoz; a f\u00e1jlon bel\u00fcli jel\u00f6l\u00e9s megmarad. A hivatalos ikonok saj\u00e1t sz\u00f6veget hoznak magukkal."],"Turn a type off to remove its label; the mark inside the file stays. Leave wording empty for the default.":["Kapcsoljon ki egy t\u00edpust a jel\u00f6l\u00e9se elt\u00e1vol\u00edt\u00e1s\u00e1hoz; a f\u00e1jlon bel\u00fcli jel\u00f6l\u00e9s megmarad. Hagyja \u00fcresen a sz\u00f6veget az alap\u00e9rtelmezetthez."],"Wording fixed by the official icon":["A sz\u00f6veget a hivatalos ikon r\u00f6gz\u00edti"],"Default wording":["Alap\u00e9rtelmezett sz\u00f6veg"],"The custom style can label non-AI types too. They stay off unless you switch them on.":["Az egy\u00e9ni st\u00edlus a nem MI-t\u00edpusokat is megjel\u00f6lheti. Kikapcsolva maradnak, am\u00edg be nem kapcsolja \u0151ket."],"Only the custom style can label non-AI types.":["Csak az egy\u00e9ni st\u00edlus tudja megjel\u00f6lni a nem MI-t\u00edpusokat."],"Click to disclose":["Kattint\u00e1sra felt\u00fcntet\u00e9s"],"Makes the badge clickable, so a visitor who wants the detail can get it.":["Kattinthat\u00f3v\u00e1 teszi a jelv\u00e9nyt, hogy a r\u00e9szleteket keres\u0151 l\u00e1togat\u00f3 hozz\u00e1jusson."],"Open a panel on click":["Panel megnyit\u00e1sa kattint\u00e1sra"],"Without it the badge is a plain mark that does nothing when clicked.":["En\u00e9lk\u00fcl a jelv\u00e9ny egyszer\u0171 jel\u00f6l\u00e9s, amely kattint\u00e1sra nem tesz semmit."],"Panel heading":["Panel c\u00edmsora"],"The line at the top of the panel.":["A panel tetej\u00e9n l\u00e9v\u0151 sor."],"Panel text":["Panel sz\u00f6vege"],"What the panel says. Links, bold, italic and lists allowed. Leave empty for wording that matches the image.":["Amit a panel mond. Hivatkoz\u00e1sok, f\u00e9lk\u00f6v\u00e9r, d\u0151lt \u00e9s list\u00e1k megengedettek. Hagyja \u00fcresen a k\u00e9phez ill\u0151 sz\u00f6veghez."],"This image was generated by an AI model. <a href=\"\/ai-policy\">Our AI policy<\/a>":["Ezt a k\u00e9pet MI-modell gener\u00e1lta. <a href=\"\/ai-policy\">MI-szab\u00e1lyzatunk<\/a>"],"Your logo":["Az \u00d6n log\u00f3ja"],"Puts your own mark inside the badge, on the AIM and custom styles.":["Az \u00d6n saj\u00e1t jel\u00f6l\u00e9s\u00e9t helyezi a jelv\u00e9nybe, az AIM \u00e9s az egy\u00e9ni st\u00edlusn\u00e1l."],"Logo image":["Log\u00f3 k\u00e9pe"],"An image address or an upload. A small PNG or SVG with a transparent background sits best.":["Egy k\u00e9pc\u00edm vagy egy felt\u00f6lt\u00e9s. Egy kis PNG vagy SVG \u00e1tl\u00e1tsz\u00f3 h\u00e1tt\u00e9rrel illik a legjobban."],"Uploading\u2026":["Felt\u00f6lt\u00e9s\u2026"],"Upload":["Felt\u00f6lt\u00e9s"],"Remove":["Elt\u00e1vol\u00edt\u00e1s"],"You have unsaved changes on this screen.":["Ezen a k\u00e9perny\u0151n mentetlen v\u00e1ltoztat\u00e1sai vannak."],"Everything on this screen is saved.":["Ezen a k\u00e9perny\u0151n minden mentve van."],"AI generated":["MI-gener\u00e1lt"],"AI edited":["MI-vel szerkesztett"],"AI assisted":["MI seg\u00edts\u00e9g\u00e9vel k\u00e9sz\u00fclt"],"Chatbot":["Cseveg\u0151bot"],"Inline":["Sz\u00f6vegk\u00f6zi"],"Flows inside a sentence.":["Belesimul a mondatba."],"It runs inside your own sentence, so nobody has to stop reading to notice it.":["A saj\u00e1t mondat\u00e1n bel\u00fcl fut, \u00edgy senkinek nem kell abbahagynia az olvas\u00e1st ahhoz, hogy \u00e9szrevegye."],"Sits on a line of its own.":["K\u00fcl\u00f6n sorban \u00e1ll."],"It stands on its own line, directly above or below what it describes.":["K\u00fcl\u00f6n sorban \u00e1ll, k\u00f6zvetlen\u00fcl az f\u00f6l\u00f6tt vagy alatt, amit le\u00edr."],"A full-width block.":["Teljes sz\u00e9less\u00e9g\u0171 blokk."],"It runs the full width of the content, as a block nobody scrolls past.":["A tartalom teljes sz\u00e9less\u00e9g\u00e9ben fut, olyan blokk\u00e9nt, amely mellett senki nem g\u00f6rget el."],"We published this last week.":["Ezt a m\u00falt h\u00e9ten publik\u00e1ltuk."],"It has been reviewed since.":["Az\u00f3ta fel\u00fclvizsg\u00e1ltuk."],"Copied":["M\u00e1solva"],"Copy":["M\u00e1sol\u00e1s"],"The wording is \u201c%s\u201d, with the European Commission\u2019s AI-content icon before it.":["A sz\u00f6veg \u201e%s\u201d, el\u0151tte az Eur\u00f3pai Bizotts\u00e1g MI-tartalom ikonj\u00e1val."],"The wording is \u201c%s\u201d, on its own with no symbol.":["A sz\u00f6veg \u201e%s\u201d, \u00f6nmag\u00e1ban, szimb\u00f3lum n\u00e9lk\u00fcl."],"The wording is \u201c%s\u201d, with the AIM symbol before it.":["A sz\u00f6veg \u201e%s\u201d, el\u0151tte az AIM szimb\u00f3lummal."],"Default near-black pill":["Alap\u00e9rtelmezett, csaknem fekete pirula"],"Your colours, %s:1":["Az \u00d6n sz\u00ednei, %s:1"],"Your colours, %s:1, too low to use":["Az \u00d6n sz\u00ednei, %s:1, t\u00fal alacsony a haszn\u00e1lathoz"],"What it says":["Mit mond"],"Type of disclosure":["A felt\u00fcntet\u00e9s t\u00edpusa"],"Which case this notice covers. The first three are AI-made content, the fourth is a chat answered by AI.":["Melyik esetet fedi le ez a k\u00f6zlem\u00e9ny. Az els\u0151 h\u00e1rom MI-vel k\u00e9sz\u00fclt tartalom, a negyedik MI \u00e1ltal megv\u00e1laszolt cseveg\u00e9s."],"Your own wording":["Saj\u00e1t megfogalmaz\u00e1s"],"Leave empty to use the sentence from Settings, Chatbot disclosure.":["Hagyja \u00fcresen a Be\u00e1ll\u00edt\u00e1sok, Chatbot-felt\u00fcntet\u00e9s mondat\u00e1nak haszn\u00e1lat\u00e1hoz."],"Leave empty to use the default sentence for this type.":["Hagyja \u00fcresen az ehhez a t\u00edpushoz tartoz\u00f3 alap\u00e9rtelmezett mondat haszn\u00e1lat\u00e1hoz."],"How it looks":["Hogyan n\u00e9z ki"],"How it sits":["Hogyan \u00e1ll"],"Mark":["Jel\u00f6l\u00e9s"],"The symbol before the text. EU is the European Commission icon for the matching source type.":["A sz\u00f6veg el\u0151tti szimb\u00f3lum. Az EU az Eur\u00f3pai Bizotts\u00e1g ikonja a megfelel\u0151 forr\u00e1st\u00edpushoz."],"The EU icon set labels AI-generated media, and has no icon for a chatbot, so this one uses the AIM symbol.":["Az uni\u00f3s ikonk\u00e9szlet az MI \u00e1ltal gener\u00e1lt m\u00e9di\u00e1t jel\u00f6li, \u00e9s nincs ikonja cseveg\u0151robotra, ez\u00e9rt ez az AIM szimb\u00f3lumot haszn\u00e1lja."],"Logo beside the mark":["Log\u00f3 a jel\u00f6l\u00e9s mellett"],"Optional image URL. Sits next to the mark rather than replacing it.":["Nem k\u00f6telez\u0151 k\u00e9p-URL. A jel\u00f6l\u00e9s mell\u00e9 ker\u00fcl, nem helyettes\u00edti azt."],"Colours":["Sz\u00ednek"],"Use my own colours":["Saj\u00e1t sz\u00ednek haszn\u00e1lata"],"Off keeps the default near-black pill, which suits most themes.":["Kikapcsolva az alap\u00e9rtelmezett, majdnem fekete, lekerek\u00edtett jelv\u00e9ny marad, ami a legt\u00f6bb sablonhoz illik."],"Contrast":["Kontraszt"],"Meets the WCAG AA minimum for small text.":["Megfelel a WCAG AA minimumnak kis m\u00e9ret\u0171 sz\u00f6veghez."],"Below 4.5:1. The shortcode drops these colours and renders the default, because a disclosure nobody can read is not a disclosure.":["4,5:1 alatt. A r\u00f6vidk\u00f3d elveti ezeket a sz\u00edneket, \u00e9s az alap\u00e9rtelmezettet jelen\u00edti meg, mert az a felt\u00fcntet\u00e9s, amelyet senki nem tud elolvasni, nem felt\u00fcntet\u00e9s."],"%s:1, passes AA":["%s:1, megfelel az AA-nak"],"%s:1, too low":["%s:1, t\u00fal alacsony"],"What a visitor will see":["Mit fog l\u00e1tni a l\u00e1togat\u00f3"],"Ask us anything.":["K\u00e9rdezzen b\u00e1rmit."],"We usually reply in a minute.":["\u00c1ltal\u00e1ban egy percen bel\u00fcl v\u00e1laszolunk."],"The plain sentences stand in for your own content. The pill is what the shortcode renders.":["Az egyszer\u0171 mondatok az \u00d6n saj\u00e1t tartalm\u00e1t helyettes\u00edtik. A pirula az, amit a r\u00f6vidk\u00f3d megjelen\u00edt."],"Previewed in the default pill: %s:1 is below the 4.5:1 minimum.":["El\u0151n\u00e9zet az alap\u00e9rtelmezett pirul\u00e1ban: a(z) %s:1 a 4,5:1 minimum alatt van."],"The shortcode to paste":["A beillesztend\u0151 r\u00f6vidk\u00f3d"],"Paste it into any post, page, widget or block. It renders on the server, so it works wherever shortcodes run.":["Illessze be b\u00e1rmely bejegyz\u00e9sbe, oldalba, widgetbe vagy blokkba. A kiszolg\u00e1l\u00f3n jelenik meg, \u00edgy minden\u00fctt m\u0171k\u00f6dik, ahol a r\u00f6vidk\u00f3dok m\u0171k\u00f6dnek."],"The chatbot notice":["A cseveg\u0151bot-t\u00e1j\u00e9koztat\u00e1s"],"Article 50(1) asks you to tell visitors when they are interacting with an AI rather than a person.":["Az 50. cikk (1) bekezd\u00e9se azt k\u00e9ri, hogy tudasd a l\u00e1togat\u00f3kkal, ha nem emberrel, hanem MI-vel l\u00e9pnek kapcsolatba."],"It has no options. The wording is the one sentence you set in Settings, and the AIM symbol always leads it.":["Nincsenek be\u00e1ll\u00edt\u00e1sai. A sz\u00f6veg az az egyetlen mondat, amelyet a Be\u00e1ll\u00edt\u00e1sokban ad meg, \u00e9s mindig az AIM szimb\u00f3lum vezeti be."],"For a chat interface you built yourself. Third-party widgets are covered in <a>Settings<\/a>.":["Saj\u00e1t maga \u00e1ltal \u00e9p\u00edtett cseveg\u0151fel\u00fclethez. A k\u00fcls\u0151 modulokat a <a>Be\u00e1ll\u00edt\u00e1sok<\/a> t\u00e1rgyalja."],"The post-text disclosure":["A bejegyz\u00e9ssz\u00f6veg k\u00f6zl\u00e9se"],"The same line the Posts tab controls, placed by hand instead of automatically.":["Ugyanaz a sor, amelyet a Bejegyz\u00e9sek f\u00fcl vez\u00e9rel, k\u00e9zzel elhelyezve az automatikus helyett."],"Follows the wording and look set on the Posts tab. Prints nothing on an unmarked or exempt post.":["A Bejegyz\u00e9sek f\u00fcl\u00f6n be\u00e1ll\u00edtott sz\u00f6veget \u00e9s megjelen\u00e9st k\u00f6veti. Megjel\u00f6letlen vagy mentes\u00fcl\u0151 bejegyz\u00e9sn\u00e9l semmit sem \u00edr ki."],"Place it where you want the line. It switches off the automatic copy for that post. Wording lives in <a>Posts<\/a>.":["Helyezze oda, ahol a sort szeretn\u00e9. Az adott bejegyz\u00e9sn\u00e9l kikapcsolja az automatikus v\u00e1ltozatot. A sz\u00f6veg a <a>Bejegyz\u00e9sek<\/a> alatt tal\u00e1lhat\u00f3."],"Where these belong":["Hov\u00e1 val\u00f3k ezek"],"A disclosure only counts if a reader meets it.":["A t\u00e1j\u00e9koztat\u00e1s csak akkor \u00e9r valamit, ha az olvas\u00f3 tal\u00e1lkozik vele."],"In or beside the content it describes, not in your privacy policy or footer.":["Abban a tartalomban vagy amellett, amelyre vonatkozik, ne az adatkezel\u00e9si t\u00e1j\u00e9koztat\u00f3ban vagy a l\u00e1bl\u00e9cben."],"For a chatbot, before or as the conversation starts, not several replies in.":["Cseveg\u0151botn\u00e1l a besz\u00e9lget\u00e9s el\u0151tt vagy annak indul\u00e1sakor, ne n\u00e9h\u00e1ny v\u00e1lasszal k\u00e9s\u0151bb."],"Images flagged in your library are badged automatically and need no shortcode.":["A m\u00e9diat\u00e1radban megjel\u00f6lt k\u00e9pek automatikusan megkapj\u00e1k a jelv\u00e9nyt, hozz\u00e1juk nem kell r\u00f6vidk\u00f3d."],"The stylesheet loads only on pages where a notice actually renders. Full guidance is in the <a>chatbot disclosure guide<\/a>.":["A st\u00edluslap csak azokon az oldalakon t\u00f6lt\u0151dik be, ahol t\u00e9nylegesen megjelenik k\u00f6zlem\u00e9ny. A teljes \u00fatmutat\u00f3 a <a>chatbot-felt\u00fcntet\u00e9si \u00fatmutat\u00f3ban<\/a> tal\u00e1lhat\u00f3."],"not writable here":["itt nem \u00edrhat\u00f3"],"none marked":["nincs megjel\u00f6lve"],"%1$s of %2$s written":["%1$s \/ %2$s be\u00edrva"],"written":["be\u00edrva"],"Switch the mark on first: it is on the Settings tab, under \u201cWrite the mark inside the image file\u201d.":["El\u0151bb kapcsolja be a jel\u00f6l\u00e9st: a Be\u00e1ll\u00edt\u00e1sok lapon tal\u00e1lhat\u00f3, a \u201eJel\u00f6l\u00e9s be\u00edr\u00e1sa a k\u00e9pf\u00e1jlba\u201d alatt."],"Your image files are being written to":["A k\u00e9pf\u00e1jljaiba \u00edrunk"],"Writing inside your image files is switched on":["A k\u00e9pf\u00e1jljaiba \u00edr\u00e1s be van kapcsolva"],"Nothing is being written inside your image files":["A k\u00e9pf\u00e1jljaiba semmi nem \u00edr\u00f3dik"],"Every image you mark is written to as you mark it, and %1$s%% of the %2$s image you have marked carries the mark inside the file today.":["Minden k\u00e9p, amelyet megjel\u00f6l, a megjel\u00f6l\u00e9s pillanat\u00e1ban be\u00edr\u00f3dik, \u00e9s a megjel\u00f6lt %2$s k\u00e9p\u00e9nek %1$s%%-a hordozza ma a jel\u00f6l\u00e9st a f\u00e1jlon bel\u00fcl.","Minden k\u00e9p, amelyet megjel\u00f6l, a megjel\u00f6l\u00e9s pillanat\u00e1ban be\u00edr\u00f3dik, \u00e9s a megjel\u00f6lt %2$s k\u00e9p\u00e9nek %1$s%%-a hordozza ma a jel\u00f6l\u00e9st a f\u00e1jlon bel\u00fcl."],"Writing is on. Nothing is marked yet, so there is nothing to write into.":["Az \u00edr\u00e1s be van kapcsolva. M\u00e9g semmi nincs megjel\u00f6lve, \u00edgy nincs mibe \u00edrni."],"You have marked %s image, but writing inside the file is switched off, so the file itself still says nothing about how the picture was made.":["%s k\u00e9pet jel\u00f6lt meg, de a f\u00e1jlon bel\u00fcli \u00edr\u00e1s ki van kapcsolva, \u00edgy maga a f\u00e1jl tov\u00e1bbra sem mond semmit arr\u00f3l, hogyan k\u00e9sz\u00fclt a k\u00e9p.","%s k\u00e9pet jel\u00f6lt meg, de a f\u00e1jlon bel\u00fcli \u00edr\u00e1s ki van kapcsolva, \u00edgy maguk a f\u00e1jlok tov\u00e1bbra sem mondanak semmit arr\u00f3l, hogyan k\u00e9sz\u00fcltek azok a k\u00e9pek."],"Writing inside the file is switched off, so anything you mark from now on will carry nothing inside it.":["A f\u00e1jlon bel\u00fcli \u00edr\u00e1s ki van kapcsolva, \u00edgy semmi, amit mostant\u00f3l megjel\u00f6l, nem hordoz mag\u00e1ban semmit."],"The record sits inside the picture, so it travels when the file is downloaded or re-hosted. The badge and your page code do not.":["A bejegyz\u00e9s a k\u00e9pen bel\u00fcl helyezkedik el, \u00edgy vele utazik, amikor a f\u00e1jlt let\u00f6ltik vagy m\u00e1shol helyezik el. A jelv\u00e9ny \u00e9s az oldalai k\u00f3dja nem."],"Open the Settings tab and switch on \u201cWrite the mark inside the image file\u201d.":["Nyissa meg a Be\u00e1ll\u00edt\u00e1sok lapot, \u00e9s kapcsolja be a \u201eJel\u00f6l\u00e9s be\u00edr\u00e1sa a k\u00e9pf\u00e1jlba\u201d lehet\u0151s\u00e9get."],"Save. Images you mark from then on are written to as you mark them.":["Mentsen. Az att\u00f3l kezdve megjel\u00f6lt k\u00e9pek a megjel\u00f6l\u00e9s pillanat\u00e1ban \u00edr\u00f3dnak."],"To catch up the ones you have already marked, open the Media tab and set the type on each of them again.":["A m\u00e1r megjel\u00f6ltek p\u00f3tl\u00e1s\u00e1hoz nyissa meg a M\u00e9dia lapot, \u00e9s \u00e1ll\u00edtsa be \u00fajra mindegyikn\u00e9l a t\u00edpust."],"Checked: Settings, write the mark inside the image file. Currently on.":["Ellen\u0151rizve: Be\u00e1ll\u00edt\u00e1sok, jel\u00f6l\u00e9s be\u00edr\u00e1sa a k\u00e9pf\u00e1jlba. Jelenleg bekapcsolva."],"Checked: Settings, write the mark inside the image file. Currently off.":["Ellen\u0151rizve: Be\u00e1ll\u00edt\u00e1sok, jel\u00f6l\u00e9s be\u00edr\u00e1sa a k\u00e9pf\u00e1jlba. Jelenleg kikapcsolva."],"This server can write into every image format you are likely to use":["Ez a kiszolg\u00e1l\u00f3 minden olyan k\u00e9pform\u00e1tumba tud \u00edrni, amelyet val\u00f3sz\u00edn\u0171leg haszn\u00e1lni fog"],"The built-in writer covers JPEG, PNG, WebP, GIF, TIFF and AVIF, plus HEIC. exiftool is installed on this server too, but it is not used: only the built-in writer performs the safety checks.":["A be\u00e9p\u00edtett \u00edr\u00f3 kezeli a JPEG, PNG, WebP, GIF, TIFF \u00e9s AVIF form\u00e1tumot, valamint a HEIC-et. Az exiftool szint\u00e9n telep\u00edtve van ezen a kiszolg\u00e1l\u00f3n, de nem haszn\u00e1ljuk: a biztons\u00e1gi ellen\u0151rz\u00e9seket csak a be\u00e9p\u00edtett \u00edr\u00f3 v\u00e9gzi el."],"The built-in writer covers JPEG, PNG, WebP, GIF, TIFF and AVIF, plus HEIC. No server tool is needed for any of them.":["A be\u00e9p\u00edtett \u00edr\u00f3 kezeli a JPEG, PNG, WebP, GIF, TIFF \u00e9s AVIF form\u00e1tumot, valamint a HEIC-et. Egyikhez sem kell kiszolg\u00e1l\u00f3oldali eszk\u00f6z."],"%1$d of %2$d formats":["%1$d \/ %2$d form\u00e1tum"],"No format is out of reach on this host, whatever your hosting company has installed.":["Ezen a t\u00e1rhelyen egyetlen form\u00e1tum sem el\u00e9rhetetlen, f\u00fcggetlen\u00fcl att\u00f3l, mit telep\u00edtett a t\u00e1rhelyszolg\u00e1ltat\u00f3ja."],"Checked: the built-in writer covers every format. exiftool on this server. Found, and deliberately not used.":["Ellen\u0151rizve: a be\u00e9p\u00edtett \u00edr\u00f3 minden form\u00e1tumot lefed. exiftool ezen a kiszolg\u00e1l\u00f3n: megtal\u00e1lva, de sz\u00e1nd\u00e9kosan nincs haszn\u00e1latban."],"Checked: the built-in writer covers every format. exiftool on this server. Not found, and not needed.":["Ellen\u0151rizve: a be\u00e9p\u00edtett \u00edr\u00f3 minden form\u00e1tumot lefed. exiftool ezen a kiszolg\u00e1l\u00f3n: nem tal\u00e1lhat\u00f3, \u00e9s nincs r\u00e1 sz\u00fcks\u00e9g."],"Your %s images cannot carry the mark on this server":["A(z) %s k\u00e9pei nem tudj\u00e1k hordozni a jel\u00f6l\u00e9st ezen a kiszolg\u00e1l\u00f3n"],"A %s file could not carry the mark on this server":["Egy %s f\u00e1jl nem tudta hordozni a jel\u00f6l\u00e9st ezen a kiszolg\u00e1l\u00f3n"],"Every %s you marked carries the mark inside its file":["Minden megjel\u00f6lt %s hordozza a jel\u00f6l\u00e9st a f\u00e1jlj\u00e1ban"],"Some %s images you marked have no mark inside the file":["N\u00e9h\u00e1ny megjel\u00f6lt %s k\u00e9p\u00e9ben nincs jel\u00f6l\u00e9s a f\u00e1jlon bel\u00fcl"],"This server cannot write inside %s. Those images are still labelled and declared.":["Ez a kiszolg\u00e1l\u00f3 nem tud a(z) %s belsej\u00e9be \u00edrni. Azok a k\u00e9pek tov\u00e1bbra is jel\u00f6ltek \u00e9s felt\u00fcntetettek."],"You have not marked a single %s, so nothing of yours is affected. If you mark one, it would still be labelled to visitors and still declared in your page code.":["Egyetlen %s k\u00e9pet sem jel\u00f6lt meg, \u00edgy semmi nem \u00e9rinti az \u00d6n anyag\u00e1t. Ha megjel\u00f6lne egyet, az tov\u00e1bbra is jel\u00f6l\u00e9st hordozna a l\u00e1togat\u00f3k fel\u00e9, \u00e9s tov\u00e1bbra is szerepelne az oldal k\u00f3dj\u00e1ban."],"All %1$s of the %2$s images you marked have been written to.":["A megjel\u00f6lt %2$s k\u00e9p\u00e9b\u0151l mind a %1$s be lett \u00edrva."],"%1$s of the %2$s %3$s images you marked have been written to. The rest are still labelled and declared.":["Az \u00d6n \u00e1ltal megjel\u00f6lt %2$s %3$s k\u00e9p k\u00f6z\u00fcl %1$s lett be\u00edrva. A t\u00f6bbi tov\u00e1bbra is jel\u00f6lt \u00e9s felt\u00fcntetett."],"%s cannot be written on this server. That is a property of your host, not your settings.":["A(z) %s nem \u00edrhat\u00f3 ezen a kiszolg\u00e1l\u00f3n. Ez a t\u00e1rhelyszolg\u00e1ltat\u00f3t\u00f3l f\u00fcgg, nem a be\u00e1ll\u00edt\u00e1sait\u00f3l."],"Writing can fail on one image and succeed on the next. This counts images, not files.":["Az \u00edr\u00e1s az egyik k\u00e9pn\u00e9l meghi\u00fasulhat, a k\u00f6vetkez\u0151n\u00e9l siker\u00fclhet. Itt k\u00e9peket sz\u00e1molunk, nem f\u00e1jlokat."],"In the Media tab, filter to your marked images and set the type again. Correct files are left untouched.":["A M\u00e9dia f\u00fcl\u00f6n sz\u0171rj\u00f6n a megjel\u00f6lt k\u00e9peire, \u00e9s \u00e1ll\u00edtsa be \u00fajra a t\u00edpust. A helyes f\u00e1jlok \u00e9rintetlenek maradnak."],"Or run the library scan at the foot of this tab, which finds them and writes them for you.":["Vagy futtassa a k\u00f6nyvt\u00e1rvizsg\u00e1latot ennek a lapnak az alj\u00e1n, amely megtal\u00e1lja \u00e9s be\u00edrja \u0151ket \u00d6n helyett."],"Checked: your %1$s attachments with a source type set. Library reports \u201c%2$s\u201d.":["Ellen\u0151rizve: a be\u00e1ll\u00edtott forr\u00e1st\u00edpus\u00fa %1$s mell\u00e9kletei. A k\u00f6nyvt\u00e1r ezt jelenti: \u201e%2$s\u201d."],"Checked: your %s attachments with a source type set. None found.":["Ellen\u0151rizve: a be\u00e1ll\u00edtott forr\u00e1st\u00edpus\u00fa %s mell\u00e9kletei. Egyet sem tal\u00e1ltunk."],"Every size WordPress keeps is written to, not just the original":["A WordPress \u00e1ltal megtartott minden m\u00e9ret be\u00edr\u00f3dik, nem csak az eredeti"],"No file has been written to yet":["M\u00e9g egyetlen f\u00e1jl sem \u00edr\u00f3dott"],"%1$s file has been written for the %2$s images you marked, because WordPress keeps several resized copies of every picture and each copy is written to in turn.":["A megjel\u00f6lt %2$s k\u00e9phez %1$s f\u00e1jl \u00edr\u00f3dott, mert a WordPress minden k\u00e9pb\u0151l t\u00f6bb \u00e1tm\u00e9retezett m\u00e1solatot tart meg, \u00e9s mindegyik m\u00e1solat sorra be\u00edr\u00f3dik.","A megjel\u00f6lt %2$s k\u00e9phez %1$s f\u00e1jl \u00edr\u00f3dott, mert a WordPress minden k\u00e9pb\u0151l t\u00f6bb \u00e1tm\u00e9retezett m\u00e1solatot tart meg, \u00e9s mindegyik m\u00e1solat sorra be\u00edr\u00f3dik."],"Nothing has been written yet, which is what you would expect while nothing is marked or while writing is switched off.":["M\u00e9g semmi nem \u00edr\u00f3dott, ami v\u00e1rhat\u00f3 is addig, am\u00edg semmi nincs megjel\u00f6lve, vagy am\u00edg az \u00edr\u00e1s ki van kapcsolva."],"%1$s file for %2$s images":["%1$s f\u00e1jl %2$s k\u00e9phez","%1$s f\u00e1jl %2$s k\u00e9phez"],"WordPress keeps several sizes of every upload, so all of them are written to, not just the original.":["A WordPress minden felt\u00f6lt\u00e9sb\u0151l t\u00f6bb m\u00e9retet tart meg, \u00edgy mindegyikbe be\u00edr\u00f3dik, nem csak az eredetibe."],"Checked: the embed record on every marked image. %s files written in total, counting every size.":["Ellen\u0151rizve: a be\u00e1gyazott bejegyz\u00e9s minden megjel\u00f6lt k\u00e9pen. \u00d6sszesen %s be\u00edrt f\u00e1jl, belesz\u00e1m\u00edtva minden m\u00e9retet."],"What the mark inside your files actually says":["Mit mond val\u00f3j\u00e1ban a f\u00e1jljaiban l\u00e9v\u0151 jel\u00f6l\u00e9s"],"One standard field is added: digital source type, set to the address saying how it was made.":["Egy szabv\u00e1nyos mez\u0151 ker\u00fcl hozz\u00e1ad\u00e1sra: digital source type, arra a c\u00edmre \u00e1ll\u00edtva, amely megmondja, hogyan k\u00e9sz\u00fclt."],"1 record per file":["1 bejegyz\u00e9s f\u00e1jlonk\u00e9nt"],"IPTC and XMP are the standard fields inside a file, so anything that opens the picture can read the mark.":["Az IPTC \u00e9s az XMP a f\u00e1jlon bel\u00fcli szabv\u00e1nyos mez\u0151k, \u00edgy b\u00e1rmi, ami megnyitja a k\u00e9pet, el tudja olvasni a jel\u00f6l\u00e9st."],"The field: Iptc4xmpExt:DigitalSourceType, an IPTC Extension property.":["A mez\u0151: Iptc4xmpExt:DigitalSourceType, IPTC Extension tulajdons\u00e1g."],"The value: one published web address per source type, for example the one that means trained algorithmic media, which is their term for a picture made by AI.":["Az \u00e9rt\u00e9k: forr\u00e1st\u00edpusonk\u00e9nt egy k\u00f6zz\u00e9tett webc\u00edm, p\u00e9ld\u00e1ul az, amely betan\u00edtott algoritmikus m\u00e9di\u00e1t jelent, ami az \u0151 kifejez\u00e9s\u00fck az MI-vel k\u00e9sz\u00fclt k\u00e9pre."],"A file already carrying the exact value is left untouched, so any signature already on it is not broken.":["Az a f\u00e1jl, amely m\u00e1r pontosan ezt az \u00e9rt\u00e9ket hordozza, \u00e9rintetlen marad, \u00edgy a rajta m\u00e1r megl\u00e9v\u0151 al\u00e1\u00edr\u00e1s nem s\u00e9r\u00fcl."],"Checked: the packet written into each file. Property Iptc4xmpExt:DigitalSourceType, values from cv.iptc.org\/newscodes\/digitalsourcetype\/.":["Ellen\u0151rizve: a minden f\u00e1jlba be\u00edrt csomag. Iptc4xmpExt:DigitalSourceType tulajdons\u00e1g, \u00e9rt\u00e9kek a cv.iptc.org\/newscodes\/digitalsourcetype\/ c\u00edmr\u0151l."],"Arriving intact":["S\u00e9rtetlen\u00fcl \u00e9rkezik meg"],"One of your own images was fetched the way a visitor would, and the mark was still in it.":["Az egyik saj\u00e1t k\u00e9p\u00e9t \u00fagy t\u00f6lt\u00f6tt\u00fck le, ahogy egy l\u00e1togat\u00f3 tenn\u00e9, \u00e9s a jel\u00f6l\u00e9s m\u00e9g benne volt."],"Being stripped in delivery":["K\u00e9zbes\u00edt\u00e9s k\u00f6zben elt\u00e1vol\u00edtj\u00e1k"],"The file on your server carries the mark, but the copy your readers receive does not. Something between the two is re-encoding it. Turning off image re-compression for this site is the usual fix.":["A kiszolg\u00e1l\u00f3j\u00e1n l\u00e9v\u0151 f\u00e1jl hordozza a jel\u00f6l\u00e9st, de az a m\u00e1solat, amelyet az olvas\u00f3i megkapnak, m\u00e1r nem. Valami a kett\u0151 k\u00f6z\u00f6tt \u00fajrak\u00f3dolja. \u00c1ltal\u00e1ban a k\u00e9pek \u00fajrat\u00f6m\u00f6r\u00edt\u00e9s\u00e9nek kikapcsol\u00e1sa oldja meg ezen a webhelyen."],"Could not be checked":["Nem siker\u00fclt ellen\u0151rizni"],"Your site could not fetch its own image, so this says nothing either way. A site behind a password, or not publicly reachable, will always read like this.":["A webhelye nem tudta let\u00f6lteni a saj\u00e1t k\u00e9p\u00e9t, \u00edgy ez egyik ir\u00e1nyba sem bizony\u00edt semmit. Egy jelsz\u00f3val v\u00e9dett vagy nyilv\u00e1nosan nem el\u00e9rhet\u0151 webhely mindig \u00edgy fog kin\u00e9zni."],"Nothing to check yet":["Egyel\u0151re nincs mit ellen\u0151rizni"],"No marked image has the mark written into it yet. Mark one and this answers itself.":["Egyetlen megjel\u00f6lt k\u00e9pn\u00e9l sincs m\u00e9g a jel\u00f6l\u00e9s a f\u00e1jlba \u00edrva. Jel\u00f6lj\u00f6n meg egyet, \u00e9s a k\u00e9rd\u00e9s megv\u00e1laszolja mag\u00e1t."],"Not checked yet":["M\u00e9g nincs ellen\u0151rizve"],"The first check runs within a day of installing. Nothing is wrong.":["Az els\u0151 ellen\u0151rz\u00e9s a telep\u00edt\u00e9st\u0151l sz\u00e1m\u00edtott egy napon bel\u00fcl lefut. Semmi baj nincs."],"Switched off":["Kikapcsolva"],"Nothing outstanding":["Nincs f\u00fcgg\u0151ben semmi"],"Gaps to close":["Bez\u00e1rand\u00f3 hi\u00e1nyok"],"The scan could not reach your site. Try again in a moment.":["A vizsg\u00e1lat nem \u00e9rte el az oldal\u00e1t. Pr\u00f3b\u00e1lja \u00fajra egy pillanat m\u00falva."],"Another scan is already running. Try again in a few minutes.":["M\u00e1r fut egy m\u00e1sik vizsg\u00e1lat. Pr\u00f3b\u00e1lja \u00fajra n\u00e9h\u00e1ny perc m\u00falva."],"Paused. %s images adopted so far. Press Scan now to carry on.":["Sz\u00fcneteltetve. Eddig %s k\u00e9p \u00e1tv\u00e9ve. A folytat\u00e1shoz nyomja meg a Vizsg\u00e1lat most gombot."],"Done. %1$s marked images checked, %2$s written again, %3$s adopted from what the files already declared.":["K\u00e9sz. %1$s megjel\u00f6lt k\u00e9p ellen\u0151rizve, %2$s \u00fajra\u00edrva, %3$s \u00e1tv\u00e9ve abb\u00f3l, amit a f\u00e1jlok m\u00e1r k\u00f6z\u00f6ltek."],"Nothing is being written inside your image files.":["A k\u00e9pf\u00e1jljaiba semmi nem \u00edr\u00f3dik."],"This server can write the mark into every image format you are likely to use.":["Ez a kiszolg\u00e1l\u00f3 minden olyan k\u00e9pform\u00e1tumba be tudja \u00edrni a jel\u00f6l\u00e9st, amelyet val\u00f3sz\u00edn\u0171leg haszn\u00e1lni fog."],"This server can write the mark into JPEG and PNG files, and no others.":["Ez a kiszolg\u00e1l\u00f3 JPEG- \u00e9s PNG-f\u00e1jlokba tudja be\u00edrni a jel\u00f6l\u00e9st, m\u00e1sba nem."],"Turn it on in Settings. Until then only the badge discloses anything.":["Kapcsolja be a Be\u00e1ll\u00edt\u00e1sokban. Addig csak a jelv\u00e9ny t\u00fcntet fel b\u00e1rmit is."],"The first thing to look at: %s.":["Az els\u0151 dolog, amit \u00e9rdemes megn\u00e9zni: %s."],"Every marked image carries the mark inside its file, in every size.":["Minden megjel\u00f6lt k\u00e9p hordozza a jel\u00f6l\u00e9st a f\u00e1jlj\u00e1ban, minden m\u00e9retben."],"Nothing is marked yet. Mark an image on the Media tab to start.":["M\u00e9g semmi sincs megjel\u00f6lve. Jel\u00f6lj\u00f6n meg egy k\u00e9pet a M\u00e9dia f\u00fcl\u00f6n a kezd\u00e9shez."],"Showing %1$d of %2$d formats. %3$s left out: writable here, nothing marked in them.":["%1$d form\u00e1tum l\u00e1tszik a(z) %2$d k\u00f6z\u00fcl. %3$s kimaradt: itt \u00edrhat\u00f3k, de semmi sincs benn\u00fck megjel\u00f6lve."],"One bar per format. Filled shows how many carry the mark in the file.":["Form\u00e1tumonk\u00e9nt egy s\u00e1v. A kit\u00f6lt\u00f6tt r\u00e9sz mutatja, h\u00e1nyan hordozz\u00e1k a jel\u00f6l\u00e9st a f\u00e1jlban."],"Read from your server and library as they are now.":["A kiszolg\u00e1l\u00f3j\u00e1r\u00f3l \u00e9s a k\u00f6nyvt\u00e1r\u00e1b\u00f3l olvasva, jelenlegi \u00e1llapotukban."],"Take the record away with you":["Vigye mag\u00e1val a nyilv\u00e1ntart\u00e1st"],"One row per marked image, plus your Article 4 answers.":["Megjel\u00f6lt k\u00e9penk\u00e9nt egy sor, valamint a 4. cikkhez adott v\u00e1laszai."],"Download CSV":["CSV let\u00f6lt\u00e9se"],"Download %s":["%s let\u00f6lt\u00e9se"],"Open the print view":["Nyomtat\u00e1si n\u00e9zet megnyit\u00e1sa"],"Pro":["Pro"],"JSON, Markdown, plain text and a print-ready page you can save as a PDF.":["JSON, Markdown, egyszer\u0171 sz\u00f6veg \u00e9s nyomtat\u00e1sra k\u00e9sz oldal, amelyet PDF-k\u00e9nt menthet."],"Does the mark reach your visitors?":["Eljut a jel\u00f6l\u00e9s a l\u00e1togat\u00f3ihoz?"],"Written into the file is not the same as delivered. A CDN or an optimiser can re-encode an image on its way out, which drops the mark without touching what is on your server.":["A f\u00e1jlba \u00edrva nem ugyanaz, mint k\u00e9zbes\u00edtve. Egy CDN vagy egy optimaliz\u00e1l\u00f3 \u00fajrak\u00f3dolhatja a k\u00e9pet kifel\u00e9 menet, ami elt\u00fcnteti a jel\u00f6l\u00e9st an\u00e9lk\u00fcl, hogy a kiszolg\u00e1l\u00f3j\u00e1n b\u00e1rmi megv\u00e1ltozna."],"Last checked %s. This runs once a day on its own.":["Utolj\u00e1ra ellen\u0151rizve: %s. Ez naponta egyszer mag\u00e1t\u00f3l lefut."],"Keeping the mark intact":["A jel\u00f6l\u00e9s \u00e9ps\u00e9g\u00e9nek meg\u0151rz\u00e9se"],"Some optimisers strip the record when they resize or compress a file.":["Egyes optimaliz\u00e1l\u00f3k elt\u00e1vol\u00edtj\u00e1k a bejegyz\u00e9st, amikor \u00e1tm\u00e9retezik vagy t\u00f6m\u00f6r\u00edtik a f\u00e1jlt."],"Cancel":["M\u00e9gse"],"Scan now":["Vizsg\u00e1lat most"],"%1$s of %2$s images read, %3$s adopted":["%1$s \/ %2$s k\u00e9p beolvasva, %3$s \u00e1tv\u00e9ve"],"Writes the mark back where it went missing, and adopts declared provenance.":["Vissza\u00edrja a jel\u00f6l\u00e9st oda, ahonnan elt\u0171nt, \u00e9s \u00e1tveszi a felt\u00fcntetett sz\u00e1rmaz\u00e1st."],"Library scan":["M\u00e9diat\u00e1r-vizsg\u00e1lat"],"Reads every marked image, writes the mark back where a tool stripped it, and adopts provenance your files declare.":["Elolvas minden megjel\u00f6lt k\u00e9pet, vissza\u00edrja a jel\u00f6l\u00e9st oda, ahonnan egy eszk\u00f6z elt\u00e1vol\u00edtotta, \u00e9s \u00e1tveszi a f\u00e1jljai \u00e1ltal felt\u00fcntetett sz\u00e1rmaz\u00e1st."],"Show the disclosure on AI-written posts":["K\u00f6zl\u00e9s megjelen\u00edt\u00e9se az MI \u00e1ltal \u00edrt bejegyz\u00e9seken"],"Adds a short line to posts marked AI Generated or AI Modified. Reviewed posts with a named editor are exempt.":["R\u00f6vid sort ad az MI-gener\u00e1lt vagy MI-m\u00f3dos\u00edtott jel\u00f6l\u00e9s\u0171 bejegyz\u00e9sekhez. Az \u00e1tn\u00e9zett, megnevezett szerkeszt\u0151i felel\u0151ssel rendelkez\u0151 bejegyz\u00e9sek mentes\u00fclnek."],"Adds a short line to posts marked AI Generated or AI Modified. The Article 50(4) text duty does not reach your site, so this is offered rather than owed.":["R\u00f6vid sort ad az MI-gener\u00e1lt vagy MI-m\u00f3dos\u00edtott jel\u00f6l\u00e9s\u0171 bejegyz\u00e9sekhez. Az 50. cikk (4) bekezd\u00e9se szerinti sz\u00f6vegk\u00f6telezetts\u00e9g nem terjed ki a webhely\u00e9re, \u00edgy ez felaj\u00e1nlott, nem k\u00f6telez\u0151."],"Wording readers see":["Az olvas\u00f3k \u00e1ltal l\u00e1tott sz\u00f6veg"],"Leave it empty and each post uses the wording that matches how it was made: artificially generated, or artificially manipulated.":["Hagyja \u00fcresen, \u00e9s minden bejegyz\u00e9s a keletkez\u00e9s\u00e9nek megfelel\u0151 sz\u00f6veget haszn\u00e1lja: mesters\u00e9gesen el\u0151\u00e1ll\u00edtott vagy mesters\u00e9gesen manipul\u00e1lt."],"Where the line sits":["Hol \u00e1ll a sor"],"Above the post is the safest reading of Article 50(5). To place it yourself, use [aicl_text_disclosure].":["A bejegyz\u00e9s f\u00f6l\u00f6tt az 50. cikk (5) bekezd\u00e9s\u00e9nek legbiztons\u00e1gosabb olvasata. Ha maga szeretn\u00e9 elhelyezni, haszn\u00e1lja ezt: [aicl_text_disclosure]."],"Above the post":["A bejegyz\u00e9s f\u00f6l\u00f6tt"],"Below the post":["A bejegyz\u00e9s alatt"],"Subtle borrows your theme\u2019s colours. Plain drops the box where a boxed notice fights the layout.":["A Visszafogott a sablonja sz\u00edneit k\u00f6lcs\u00f6nzi. Az Egyszer\u0171 elhagyja a keretet ott, ahol a keretes k\u00f6zlem\u00e9ny \u00fctk\u00f6zik az elrendez\u00e9ssel."],"Subtle box":["Visszafogott keret"],"Plain text":["Egyszer\u0171 sz\u00f6veg"],"Custom colours":["Egy\u00e9ni sz\u00ednek"],"Box corners":["A keret sarkai"],"Match whatever your theme does with cards and buttons.":["Igazodjon ahhoz, amit a sablon a k\u00e1rty\u00e1kkal \u00e9s gombokkal tesz."],"Rounded":["Lekerek\u00edtett"],"Keep it close to your page background. This is a note, not a warning banner.":["Tartsa k\u00f6zel az oldal h\u00e1tter\u00e9hez. Ez megjegyz\u00e9s, nem figyelmeztet\u0151 s\u00e1v."],"Check it against the background you chose. A disclosure nobody can read is not a disclosure.":["Ellen\u0151rizze a v\u00e1lasztott h\u00e1tt\u00e9ren. Az a k\u00f6zl\u00e9s, amelyet senki nem tud elolvasni, nem k\u00f6zl\u00e9s."],"Show the small AI mark":["A kis MI-jel\u00f6l\u00e9s megjelen\u00edt\u00e9se"],"The short chip before the sentence, like the badge on an image.":["A r\u00f6vid jel\u00f6l\u00e9s a mondat el\u0151tt, mint a jelv\u00e9ny egy k\u00e9pen."],"Empty means AI. A couple of characters, since it sits inline with the sentence.":["\u00dcresen AI. N\u00e9h\u00e1ny karakter, mivel a mondaton bel\u00fcl helyezkedik el."],"Mark shape":["A jel\u00f6l\u00e9s alakja"],"Outlined suits a light background, filled a dark one. The colour follows the sentence.":["A k\u00f6rvonalas vil\u00e1gos h\u00e1tt\u00e9rhez illik, a kit\u00f6lt\u00f6tt s\u00f6t\u00e9thez. A sz\u00edn a mondatot k\u00f6veti."],"Outlined":["K\u00f6rvonalas"],"Filled":["Kit\u00f6lt\u00f6tt"],"Mark background":["A jel\u00f6l\u00e9s h\u00e1ttere"],"Mark text colour":["A jel\u00f6l\u00e9s sz\u00f6vegsz\u00edne"],"Below 4.5:1. These colours are dropped and the outlined mark drawn instead.":["4,5:1 alatt. Ezeket a sz\u00edneket elvetj\u00fck, \u00e9s helyett\u00fck a k\u00f6rvonalas jel\u00f6l\u00e9s ker\u00fcl kirajzol\u00e1sra."],"Mark corners":["A jel\u00f6l\u00e9s sarkai"],"Circle squares off the box so two characters sit in a round chip. Longer text stretches it rather than clipping.":["A k\u00f6r teljesen lekerek\u00edti a keretet, \u00edgy k\u00e9t karakter kerek jel\u00f6l\u00e9sben f\u00e9r el. A hosszabb sz\u00f6veg ink\u00e1bb megny\u00fajtja, mintsem lev\u00e1g\u00f3dna."],"Circle":["K\u00f6r"],"This is the line a reader sees on a post whose text was written or rewritten by AI.":["Ez az a sor, amelyet az olvas\u00f3 l\u00e1t egy olyan bejegyz\u00e9sn\u00e9l, amelynek sz\u00f6veg\u00e9t MI \u00edrta vagy \u00edrta \u00e1t."],"Which posts count as AI is set in the editor, under \u201cAI content disclosure\u201d.":["Hogy mely bejegyz\u00e9sek sz\u00e1m\u00edtanak MI-nek, a szerkeszt\u0151ben \u00e1ll\u00edthat\u00f3 be, az \u201eMI-tartalom k\u00f6zl\u00e9se\u201d alatt."],"Go to your posts":["Ugr\u00e1s a bejegyz\u00e9seihez"],"Open the report":["Jelent\u00e9s megnyit\u00e1sa"],"Does the Article 50(4) text duty apply here?":["Alkalmazand\u00f3-e itt az 50. cikk (4) bekezd\u00e9se szerinti sz\u00f6vegk\u00f6telezetts\u00e9g?"],"One question decides whether these are owed or offered. Answer it once.":["Egyetlen k\u00e9rd\u00e9s d\u00f6nti el, hogy ez k\u00f6telez\u0151 vagy felaj\u00e1nlott. V\u00e1laszolja meg egyszer."],"Does this site publish text to inform the public on matters of public interest?":["Tesz-e k\u00f6zz\u00e9 ez a webhely sz\u00f6veget a nyilv\u00e1noss\u00e1g k\u00f6z\u00e9rdek\u0171 \u00fcgyekben val\u00f3 t\u00e1j\u00e9koztat\u00e1sa c\u00e9lj\u00e1b\u00f3l?"],"News, journalism, public affairs, health or safety. Not a shop or blog.":["H\u00edrek, \u00fajs\u00e1g\u00edr\u00e1s, k\u00f6z\u00fcgyek, eg\u00e9szs\u00e9g vagy biztons\u00e1g. Nem bolt vagy blog."],"Not answered yet":["M\u00e9g nincs megv\u00e1laszolva"],"No":["Nem"],"Yes":["Igen"],"The line itself":["Maga a sor"],"What it says, where it sits, and how it looks against your theme.":["Mit mond, hol \u00e1ll, \u00e9s hogyan mutat a sablonj\u00e1n."],"Preview":["El\u0151n\u00e9zet"],"Council approves the harbour redevelopment":["A k\u00e9pvisel\u0151-test\u00fclet j\u00f3v\u00e1hagyta a kik\u00f6t\u0151 \u00e1t\u00e9p\u00edt\u00e9s\u00e9t"],"The vote closes a two-year consultation. Construction is expected to begin in spring, with the ferry terminal open throughout.":["A szavaz\u00e1s lez\u00e1r egy k\u00e9t\u00e9ves egyeztet\u00e9st. Az \u00e9p\u00edtkez\u00e9s v\u00e1rhat\u00f3an tavasszal indul, a komptermin\u00e1l pedig v\u00e9gig nyitva marad."],"What visitors see on your pages":["Mit l\u00e1tnak a l\u00e1togat\u00f3k az oldalain"],"Badge images your theme prints itself":["Jelv\u00e9ny olyan k\u00e9pekre, amelyeket a sablon maga \u00edr ki"],"Badges images your theme prints itself, in the browser. Leave off unless badges are missing.":["Jelv\u00e9nnyel l\u00e1tja el azokat a k\u00e9peket, amelyeket a sablonja maga \u00edr ki, a b\u00f6ng\u00e9sz\u0151ben. Hagyja kikapcsolva, hacsak nem hi\u00e1nyoznak jelv\u00e9nyek."],"Show the AI-assistant notice":["Az MI-asszisztensr\u0151l sz\u00f3l\u00f3 k\u00f6zlem\u00e9ny megjelen\u00edt\u00e9se"],"Adds a notice where we detect a chat widget. For a chat interface you built yourself, use [aicl_ai_notice] instead.":["K\u00f6zlem\u00e9nyt ad oda, ahol cseveg\u0151modult \u00e9szlel\u00fcnk. Saj\u00e1t maga \u00e1ltal \u00e9p\u00edtett cseveg\u0151fel\u00fclethez ehelyett haszn\u00e1lja ezt: [aicl_ai_notice]."],"Wording visitors read":["A l\u00e1togat\u00f3k \u00e1ltal olvasott sz\u00f6veg"],"Leave it empty and visitors read: You are chatting with an AI assistant, not a human.":["Hagyja \u00fcresen, \u00e9s a l\u00e1togat\u00f3k ezt olvass\u00e1k: MI-asszisztenssel cseveg, nem emberrel."],"Where the notice sits on the page":["Hol helyezkedik el a k\u00f6zlem\u00e9ny az oldalon"],"Put it on the same side as your chat bubble.":["Helyezze ugyanarra az oldalra, mint a cseveg\u0151bubor\u00e9kot."],"Bottom left":["Bal als\u00f3"],"Bottom right":["Jobb als\u00f3"],"Top left":["Bal fels\u0151"],"Top right":["Jobb fels\u0151"],"Chat widgets we do not recognise":["Nem felismert cseveg\u0151elemek"],"(optional)":["(nem k\u00f6telez\u0151)"],"One CSS selector per line, for a widget we do not recognise.":["Soronk\u00e9nt egy CSS-v\u00e1laszt\u00f3, olyan modulhoz, amelyet nem ismer\u00fcnk fel."],"What travels inside your image files":["Mi utazik a k\u00e9pf\u00e1jljaiban"],"Write the mark inside the image file":["Jel\u00f6l\u00e9s be\u00edr\u00e1sa a k\u00e9pf\u00e1jlba"],"Writes the mark into the original and every size WordPress makes, as IPTC and XMP.":["Be\u00edrja a jel\u00f6l\u00e9st az eredetibe \u00e9s minden m\u00e9retbe, amelyet a WordPress k\u00e9sz\u00edt, IPTC \u00e9s XMP form\u00e1ban."],"What machines read on your pages":["Mit olvasnak a g\u00e9pek az oldalain"],"Name your AI images in your page code":["Nevezze meg MI-k\u00e9peit az oldal k\u00f3dj\u00e1ban"],"Adds a schema.org ImageObject to your page code naming each marked image and how it was made.":["Az oldalai k\u00f3dj\u00e1hoz hozz\u00e1ad egy schema.org ImageObject elemet, amely megnevezi minden megjel\u00f6lt k\u00e9pet \u00e9s azt, hogyan k\u00e9sz\u00fclt."],"What happens when you add a new image":["Mi t\u00f6rt\u00e9nik, amikor \u00faj k\u00e9pet ad hozz\u00e1"],"Mark a new upload when the file already says it is AI":["\u00daj felt\u00f6lt\u00e9s megjel\u00f6l\u00e9se, ha a f\u00e1jl m\u00e1r k\u00f6zli, hogy MI"],"Marks a new upload automatically when its file already declares AI provenance.":["Automatikusan megjel\u00f6l egy \u00faj felt\u00f6lt\u00e9st, ha a f\u00e1jlja m\u00e1r MI-sz\u00e1rmaz\u00e1st t\u00fcntet fel."],"This dashboard only":["Csak ez a vez\u00e9rl\u0151pult"],"Saved in your browser, not on the site.":["A b\u00f6ng\u00e9sz\u0151j\u00e9ben mentve, nem a webhelyen."],"Dashboard style":["Vez\u00e9rl\u0151pult st\u00edlusa"],"WP follows your admin colour scheme. Neo is the itisnothuman look. Classic is monochrome.":["A WP az adminisztr\u00e1ci\u00f3s sz\u00edns\u00e9m\u00e1j\u00e1t k\u00f6veti. A Neo az itisnothuman megjelen\u00e9s. A Klasszikus egysz\u00edn\u0171."],"WordPress":["WordPress"],"Neo":["Neo"],"Classic":["Classic"],"These settings decide what your visitors are told, and what leaves your site inside your image files.":["Ezek a be\u00e1ll\u00edt\u00e1sok d\u00f6ntik el, mit tudnak meg a l\u00e1togat\u00f3i, \u00e9s mi hagyja el az oldal\u00e1t a k\u00e9pf\u00e1jljaiban."],"Which images count as AI is set in Media. Appearance is on the Badge tab.":["Hogy mely k\u00e9pek sz\u00e1m\u00edtanak MI-nek, a M\u00e9di\u00e1ban \u00e1ll\u00edthat\u00f3 be. A megjelen\u00e9s a Jelv\u00e9ny f\u00fcl\u00f6n van."],"Everything here is saved. Dashboard style saves itself, in your browser.":["Itt minden mentve van. A Vez\u00e9rl\u0151pult st\u00edlusa mag\u00e1t\u00f3l ment\u0151dik, a b\u00f6ng\u00e9sz\u0151j\u00e9ben."],"How far along you are":["Hol tart"],"Every step is recorded. Nothing is outstanding here.":["Minden l\u00e9p\u00e9s r\u00f6gz\u00edtve van. Itt semmi nincs f\u00fcgg\u0151ben."],"%d step left to record.":["%d l\u00e9p\u00e9s maradt r\u00f6gz\u00edtend\u0151.","%d l\u00e9p\u00e9s maradt r\u00f6gz\u00edtend\u0151."],"Everything your site tells visitors, and whether it is switched on, is scored in the Overview report.":["Mindent, amit az oldala a l\u00e1togat\u00f3knak mond, \u00e9s hogy be van-e kapcsolva, az \u00c1ttekint\u00e9s jelent\u00e9s pontoz."],"What you have in place":["Ami m\u00e1r megvan"],"Nine steps the EU AI Act expects. They apply even if you work alone.":["Kilenc l\u00e9p\u00e9s, amelyet az uni\u00f3s MI-rendelet elv\u00e1r. Akkor is \u00e9rv\u00e9nyesek, ha egyed\u00fcl dolgozik."],"Evidence or date, optional. For example \u201cTeam briefing, May 2026\u201d":["Bizony\u00edt\u00e9k vagy d\u00e1tum, nem k\u00f6telez\u0151. P\u00e9ld\u00e1ul \u201eCsapatoktat\u00e1s, 2026. m\u00e1jus\u201d"],"%1$d of %2$d steps recorded":["%1$d \/ %2$d l\u00e9p\u00e9s r\u00f6gz\u00edtve"],"Article 4 asks deployers to ensure staff have sufficient AI literacy. Record-keeping, not training, and not legal advice.":["A 4. cikk el\u0151\u00edrja az alkalmaz\u00f3knak, hogy biztos\u00edts\u00e1k a szem\u00e9lyzet megfelel\u0151 szint\u0171 MI-j\u00e1rtass\u00e1g\u00e1t. Nyilv\u00e1ntart\u00e1s vezet\u00e9se, nem k\u00e9pz\u00e9s, \u00e9s nem jogi tan\u00e1csad\u00e1s."],"#ffffff":["#ffffff"],"#16150f":["#16150f"],"#0b0d12":["#0b0d12"],"Discloses AI content, verified by AIM Transparency":["Felt\u00fcnteti az MI-tartalmat, az AIM Transparency ellen\u0151rz\u00e9s\u00e9vel"],"Discloses AI content":["Felt\u00fcnteti az MI-tartalmat"],"Verified, not claimed":["Ellen\u0151rizve, nem csak \u00e1ll\u00edtva"],"The directory fetches a token from your site to check the disclosure is really running.":["A jegyz\u00e9k tokent k\u00e9r le a webhely\u00e9r\u0151l annak ellen\u0151rz\u00e9s\u00e9re, hogy a t\u00e1j\u00e9koztat\u00e1s val\u00f3ban m\u0171k\u00f6dik."],"On record before the deadline":["Nyilv\u00e1ntartva a hat\u00e1rid\u0151 el\u0151tt"],"Article 50 has applied since 2 August 2026. A dated listing shows when you started disclosing.":["Az 50. cikk 2026. augusztus 2. \u00f3ta alkalmazand\u00f3. A d\u00e1tummal ell\u00e1tott bejegyz\u00e9s mutatja, mikort\u00f3l t\u00e1j\u00e9koztat."],"A link back to your site":["Hivatkoz\u00e1s vissza az oldal\u00e1ra"],"Your listing is a public page, and it links to you.":["A bejegyz\u00e9se nyilv\u00e1nos oldal, \u00e9s \u00d6nre hivatkozik."],"Your site address":["Az oldala c\u00edme"],"Your listing links to it, and the token is read back from it.":["Az \u00d6n bejegyz\u00e9se erre hivatkozik, \u00e9s a tokent innen olvassuk vissza."],"Your site title":["Az oldala c\u00edme (neve)"],"Your Site Title, used as the name on your listing.":["A webhelye c\u00edme, amelyet n\u00e9vk\u00e9nt haszn\u00e1lunk a bejegyz\u00e9s\u00e9ben."],"How many images you have labelled":["H\u00e1ny k\u00e9pet jel\u00f6lt meg"],"One number. No image, filename or caption goes with it.":["Egyetlen sz\u00e1m. Nem megy vele k\u00e9p, f\u00e1jln\u00e9v vagy k\u00e9pal\u00e1\u00edr\u00e1s."],"Plugin and WordPress version":["A b\u0151v\u00edtm\u00e9ny \u00e9s a WordPress verzi\u00f3ja"],"So the directory knows which version is running.":["Hogy a jegyz\u00e9k tudja, melyik v\u00e1ltozat fut."],"Contact email, if you give one":["Kapcsolattart\u00e1si e-mail, ha megad ilyet"],"Only used to reach you about your listing. Leave it empty and nothing is sent.":["Csak arra haszn\u00e1ljuk, hogy el\u00e9rj\u00fck \u00d6nt a bejegyz\u00e9s\u00e9vel kapcsolatban. Hagyja \u00fcresen, \u00e9s semmit sem k\u00fcld\u00fcnk."],"Your consent and its date":["Az \u00d6n hozz\u00e1j\u00e1rul\u00e1sa \u00e9s annak d\u00e1tuma"],"A record that you agreed, and when. Kept on your site too.":["Nyilv\u00e1ntart\u00e1s arr\u00f3l, hogy \u00d6n hozz\u00e1j\u00e1rult, \u00e9s mikor. A webhely\u00e9n is t\u00e1roljuk."],"A one-time verification token":["Egyszer haszn\u00e1latos ellen\u0151rz\u0151 token"],"Read back once to confirm the site is yours. Expires fifteen minutes after you opt in.":["Egyszer visszaolvassuk annak meger\u0151s\u00edt\u00e9s\u00e9re, hogy a webhely az \u00d6n\u00e9. A csatlakoz\u00e1s ut\u00e1n tizen\u00f6t perccel lej\u00e1r."],"Your site is listed in the public transparency directory.":["Az oldala szerepel a nyilv\u00e1nos \u00e1tl\u00e1that\u00f3s\u00e1gi jegyz\u00e9kben."],"Your site is not listed, and nothing has been sent.":["Az oldala nem szerepel a jegyz\u00e9kben, \u00e9s semmi nem ker\u00fclt elk\u00fcld\u00e9sre."],"Anyone can look it up, and the listing links back to you.":["B\u00e1rki r\u00e1kereshet, \u00e9s a bejegyz\u00e9s visszahivatkozik \u00d6nre."],"Listing is optional and not part of complying with the AI Act.":["A jegyz\u00e9kbe v\u00e9tel \u00f6nk\u00e9ntes, \u00e9s nem r\u00e9sze az uni\u00f3s MI-rendelet betart\u00e1s\u00e1nak."],"View your listing":["Bejegyz\u00e9s megtekint\u00e9se"],"Go to the listing form":["Ugr\u00e1s a felv\u00e9teli \u0171rlapra"],"Listed":["Szerepel"],"Not listed":["Nem szerepel"],"What a listing is for":["Mire j\u00f3 a bejegyz\u00e9s"],"What your site sends":["Mit k\u00fcld az oldala"],"Everything your site has sent, and everything it would send again.":["Minden, amit a webhelye elk\u00fcld\u00f6tt, \u00e9s minden, amit \u00fajra elk\u00fcldene."],"Nothing is sent while the listing is off.":["Am\u00edg a bejegyz\u00e9s ki van kapcsolva, semmi sem ker\u00fcl elk\u00fcld\u00e9sre."],"What is never sent":["Mit nem k\u00fcld\u00fcnk el soha"],"Your images, or anything about them beyond that one number.":["A k\u00e9peit, sem b\u00e1rmit r\u00f3luk azon az egy sz\u00e1mon t\u00fal."],"Your pages, posts, products or any other content.":["Az oldalait, bejegyz\u00e9seit, term\u00e9keit vagy b\u00e1rmely m\u00e1s tartalm\u00e1t."],"Anything about your visitors. Your site tells the directory nothing about who comes to it.":["B\u00e1rmit a l\u00e1togat\u00f3ir\u00f3l. Az oldala semmit nem mond a jegyz\u00e9knek arr\u00f3l, ki j\u00e1r rajta."],"Any WordPress account, username or password. The only personal detail involved is the email address you choose to type in.":["B\u00e1rmely WordPress-fi\u00f3kot, felhaszn\u00e1l\u00f3nevet vagy jelsz\u00f3t. Az egyetlen \u00e9rintett szem\u00e9lyes adat az az e-mail-c\u00edm, amelyet \u00d6n be\u00edr."],"Your listing":["Az \u00d6n bejegyz\u00e9se"],"Open it":["Megnyit\u00e1s"],"Sends one removal request and deletes your consent, email and token. The badge stops drawing, so remove its code from your footer.":["Egy elt\u00e1vol\u00edt\u00e1si k\u00e9relmet k\u00fcld, \u00e9s t\u00f6rli a hozz\u00e1j\u00e1rul\u00e1s\u00e1t, e-mail-c\u00edm\u00e9t \u00e9s tokenj\u00e9t. A jelv\u00e9ny nem rajzol\u00f3dik ki t\u00f6bb\u00e9, ez\u00e9rt t\u00e1vol\u00edtsa el a k\u00f3dj\u00e1t a l\u00e1bl\u00e9ceb\u0151l."],"Removing\u2026":["Elt\u00e1vol\u00edt\u00e1s\u2026"],"Remove my listing":["Bejegyz\u00e9sem elt\u00e1vol\u00edt\u00e1sa"],"List your site":["Vegye fel az oldal\u00e1t"],"Contact email (optional)":["Kapcsolattart\u00f3 e-mail-c\u00edm (nem k\u00f6telez\u0151)"],"Only used to reach you about your listing. Leave it empty and no address is sent.":["Csak arra haszn\u00e1ljuk, hogy a bejegyz\u00e9s\u00e9vel kapcsolatban el\u00e9rj\u00fck. Hagyja \u00fcresen, \u00e9s nem k\u00fcld\u00fcnk c\u00edmet."],"you@example.com":["you@example.com"],"What happens when you press it":["Mi t\u00f6rt\u00e9nik, amikor megnyomja"],"Your consent, the date and a one-time token are saved on this site.":["A hozz\u00e1j\u00e1rul\u00e1sa, a d\u00e1tum \u00e9s egy egyszer haszn\u00e1latos token ment\u00e9sre ker\u00fcl ezen az oldalon."],"Your site sends the %d field above to the directory, once.":["Az oldala a fenti %d mez\u0151t k\u00fcldi el a jegyz\u00e9knek, egyszer.","Az oldala a fenti %d mez\u0151t k\u00fcldi el a jegyz\u00e9knek, egyszer."],"The directory reads the token back from your site, so it needs a public address. A local or staging site cannot list.":["A jegyz\u00e9k visszaolvassa a tokent a webhely\u00e9r\u0151l, ez\u00e9rt nyilv\u00e1nos c\u00edmre van sz\u00fcks\u00e9ge. Helyi vagy tesztwebhely nem vehet\u0151 jegyz\u00e9kbe."],"Your listing appears, and nothing further is sent unless you remove it.":["A bejegyz\u00e9se megjelenik, \u00e9s semmi tov\u00e1bbit nem k\u00fcld\u00fcnk, hacsak nem t\u00e1vol\u00edtja el."],"I agree to share the fields listed above and to this site appearing in the public directory. I understand the listing can be removed from this screen at any time.":["Hozz\u00e1j\u00e1rulok a fenti mez\u0151k megoszt\u00e1s\u00e1hoz \u00e9s ahhoz, hogy ez az oldal megjelenjen a nyilv\u00e1nos jegyz\u00e9kben. Tudom\u00e1sul veszem, hogy a bejegyz\u00e9s err\u0151l a k\u00e9perny\u0151r\u0151l b\u00e1rmikor elt\u00e1vol\u00edthat\u00f3."],"Listing\u2026":["Felv\u00e9tel\u2026"],"List my site":["Oldalam felv\u00e9tele"],"Tick the box above to enable this":["Jel\u00f6lje be a fenti n\u00e9gyzetet ennek enged\u00e9lyez\u00e9s\u00e9hez"],"Your transparency badge":["Az \u00e1tl\u00e1that\u00f3s\u00e1gi jelv\u00e9nyed"],"An optional mark for your footer, drawn by the directory and checked against your listing.":["Nem k\u00f6telez\u0151 jel\u00f6l\u00e9s a l\u00e1bl\u00e9chez, amelyet a jegyz\u00e9k rajzol ki, \u00e9s a bejegyz\u00e9s\u00e9vel vet \u00f6ssze."],"Full carries the wordmark. Mark is the icon on its own, for a footer that is already busy.":["A Teljes a m\u00e1rkanevet is ki\u00edrja. A Jel\u00f6l\u00e9s csak maga az ikon, olyan l\u00e1bl\u00e9chez, ami m\u00e1r am\u00fagy is zs\u00fafolt."],"Full":["Teljes"],"Compact":["Kompakt"],"Colour":["Sz\u00edn"],"Whichever sits best on your own footer background. The preview changes with it.":["Amelyik a legjobban mutat a saj\u00e1t l\u00e1bl\u00e9ce h\u00e1tter\u00e9n. Az el\u0151n\u00e9zet ezzel egy\u00fctt v\u00e1ltozik."],"Dark":["S\u00f6t\u00e9t"],"Light":["Vil\u00e1gos"],"Mint":["Menta"],"Embed code":["Be\u00e1gyaz\u00e1si k\u00f3d"],"Paste it into your footer template or a footer widget.":["Illeszd be a l\u00e1bl\u00e9c sablonj\u00e1ba vagy egy l\u00e1bl\u00e9c-widgetbe."],"Until your site is listed this code renders nothing.":["Am\u00edg a webhelye nincs jegyz\u00e9kbe v\u00e9ve, ez a k\u00f3d semmit sem jelen\u00edt meg."],"The badge is an image loaded from directory.aimtransparency.com, so that server sees each visitor\u2019s IP and your site address. Leave it out if you would rather not add a third-party request.":["A jelv\u00e9ny egy k\u00e9p, amely a directory.aimtransparency.com c\u00edmr\u0151l t\u00f6lt\u0151dik be, \u00edgy az a kiszolg\u00e1l\u00f3 l\u00e1tja minden l\u00e1togat\u00f3 IP-c\u00edm\u00e9t \u00e9s a webhelye c\u00edm\u00e9t. Hagyja el, ha ink\u00e1bb nem adna hozz\u00e1 k\u00fcls\u0151 k\u00e9r\u00e9st."],"Solo":["Solo"],"1 site":["1 oldal"],"For one site you run yourself.":["Egy oldalhoz, amelyet maga \u00fczemeltet."],"Agency":["\u00dcgyn\u00f6ks\u00e9g"],"10 sites":["10 oldal"],"For a studio looking after client sites.":["St\u00fadi\u00f3nak, amely \u00fcgyfelek oldalait gondozza."],"Unlimited":["Korl\u00e1tlan"],"Unlimited sites":["Korl\u00e1tlan sz\u00e1m\u00fa oldal"],"No cap on how many sites you activate.":["Nincs fels\u0151 hat\u00e1r arra, h\u00e1ny oldalt aktiv\u00e1l."],"Already yours, at no cost":["M\u00e1r az \u00d6n\u00e9, d\u00edjmentesen"],"Free":["Ingyenes"],"What Pro adds":["Mit ad hozz\u00e1 a Pro"],"Recording what made each image, by hand or in bulk":["Annak r\u00f6gz\u00edt\u00e9se, mi k\u00e9sz\u00edtette az egyes k\u00e9peket, k\u00e9zzel vagy t\u00f6megesen"],"No images yet. When there are, set the source from the Media Library, singly or in bulk.":["M\u00e9g nincsenek k\u00e9pek. Amikor lesznek, \u00e1ll\u00edtsa be a forr\u00e1st a m\u00e9diak\u00f6nyvt\u00e1rb\u00f3l, egyes\u00e9vel vagy t\u00f6megesen."],"You have set the source of %1$s of the %2$s image in your library, from the Media Library or with the bulk action, at no cost.":["A k\u00f6nyvt\u00e1r\u00e1ban l\u00e9v\u0151 %2$s k\u00e9p\u00e9b\u0151l %1$s k\u00e9pn\u00e9l \u00e1ll\u00edtotta be a forr\u00e1st, a M\u00e9diak\u00f6nyvt\u00e1rb\u00f3l vagy a t\u00f6meges m\u0171velettel, d\u00edjmentesen.","A k\u00f6nyvt\u00e1r\u00e1ban l\u00e9v\u0151 %2$s k\u00e9p\u00e9b\u0151l %1$s k\u00e9pn\u00e9l \u00e1ll\u00edtotta be a forr\u00e1st, a M\u00e9diak\u00f6nyvt\u00e1rb\u00f3l vagy a t\u00f6meges m\u0171velettel, d\u00edjmentesen."],"%1$s of %2$s image":["%1$s \/ %2$s k\u00e9p","%1$s \/ %2$s k\u00e9p"],"The source records what made a picture. The badge, the file mark and your page code all read it.":["A forr\u00e1s r\u00f6gz\u00edti, mi k\u00e9sz\u00edtette a k\u00e9pet. A jelv\u00e9ny, a f\u00e1jlbeli jel\u00f6l\u00e9s \u00e9s az oldalai k\u00f3dja mind ezt olvassa."],"Counted: %1$s image in your Media Library, %2$s of them with a source recorded.":["Megsz\u00e1molva: %1$s k\u00e9p a M\u00e9diak\u00f6nyvt\u00e1r\u00e1ban, ebb\u0151l %2$s r\u00f6gz\u00edtett forr\u00e1ssal.","Megsz\u00e1molva: %1$s k\u00e9p a M\u00e9diak\u00f6nyvt\u00e1r\u00e1ban, ebb\u0151l %2$s r\u00f6gz\u00edtett forr\u00e1ssal."],"The badge a visitor actually sees":["A jelv\u00e9ny, amelyet a l\u00e1togat\u00f3 val\u00f3ban l\u00e1t"],"The EU badge, or your own from Badge Studio, on every marked image. Pro changes nothing a visitor sees.":["Az EU jelv\u00e9ny, vagy a saj\u00e1t jelv\u00e9nye a Badge Studi\u00f3b\u00f3l, minden megjel\u00f6lt k\u00e9pen. A Pro semmit sem v\u00e1ltoztat abb\u00f3l, amit a l\u00e1togat\u00f3 l\u00e1t."],"The badge tells visitors what was made by AI. Where Article 50 asks for that disclosure, this is the form it takes. Studio sets its shape, colours and position.":["A jelv\u00e9ny megmutatja a l\u00e1togat\u00f3knak, mit k\u00e9sz\u00edtett MI. Ahol az 50. cikk ezt a k\u00f6zl\u00e9st el\u0151\u00edrja, a jelv\u00e9ny ennek a form\u00e1ja. A Studio \u00e1ll\u00edtja be az alakj\u00e1t, sz\u00edneit \u00e9s helyzet\u00e9t."],"Open Badge Studio":["Badge Studio megnyit\u00e1sa"],"The mark written inside the image file":["A k\u00e9pf\u00e1jlba \u00edrt jel\u00f6l\u00e9s"],"Switch the file mark on and every image you mark carries its source inside the file.":["Kapcsolja be a f\u00e1jlbeli jel\u00f6l\u00e9st, \u00e9s minden megjel\u00f6lt k\u00e9p a f\u00e1jlj\u00e1n bel\u00fcl hordozza a forr\u00e1s\u00e1t."],"%1$s%% of the %2$s image you have marked carries its source inside the file itself, so it still says what it is after somebody downloads it.":["A megjel\u00f6lt %2$s k\u00e9p\u00e9nek %1$s%%-a mag\u00e1ban a f\u00e1jlban hordozza a forr\u00e1s\u00e1t, \u00edgy azut\u00e1n is megmondja, mi \u0151, hogy valaki let\u00f6lt\u00f6tte.","A megjel\u00f6lt %2$s k\u00e9p\u00e9nek %1$s%%-a mag\u00e1ban a f\u00e1jlban hordozza a forr\u00e1s\u00e1t, \u00edgy azut\u00e1n is megmondj\u00e1k, mik \u0151k, hogy valaki let\u00f6lt\u00f6tte \u0151ket."],"IPTC and XMP are standard fields inside the file, so anything that opens the picture can read where it came from.":["Az IPTC \u00e9s az XMP szabv\u00e1nyos mez\u0151k a f\u00e1jlon bel\u00fcl, \u00edgy b\u00e1rmi, ami megnyitja a k\u00e9pet, el tudja olvasni, honnan sz\u00e1rmazik."],"Counted: %1$s marked image, %2$s%% of them written to inside the file.":["Megsz\u00e1molva: %1$s megjel\u00f6lt k\u00e9p, ebb\u0151l %2$s%% be\u00edrva a f\u00e1jlon bel\u00fcl.","Megsz\u00e1molva: %1$s megjel\u00f6lt k\u00e9p, ebb\u0151l %2$s%% be\u00edrva a f\u00e1jlon bel\u00fcl."],"The note in your page code, and the notice on your chat":["A megjegyz\u00e9s az oldal k\u00f3dj\u00e1ban, \u00e9s a k\u00f6zlem\u00e9ny a cseveg\u00e9s\u00e9n"],"Structured data on your pages, and a line on your chat widget. Both free switches in Settings.":["Struktur\u00e1lt adatok az oldalain, \u00e9s egy sor a cseveg\u0151modulj\u00e1n. Mindkett\u0151 ingyenes kapcsol\u00f3 a Be\u00e1ll\u00edt\u00e1sokban."],"JSON-LD repeats the badge in a form search engines read. Visitors never see it.":["A JSON-LD megism\u00e9tli a jelv\u00e9nyt olyan form\u00e1ban, amelyet a keres\u0151motorok olvasnak. A l\u00e1togat\u00f3k soha nem l\u00e1tj\u00e1k."],"Your written record, and the score that reads it":["Az \u00d6n \u00edr\u00e1sos nyilv\u00e1ntart\u00e1sa \u00e9s a pontsz\u00e1m, amely azt olvassa"],"You have completed all %d steps of the Article 4 record, and it cost you nothing.":["A 4. cikk szerinti nyilv\u00e1ntart\u00e1s mind a %d l\u00e9p\u00e9s\u00e9t elv\u00e9gezte, \u00e9s ez semmibe nem ker\u00fclt."],"You have completed %1$d of the %2$d steps of the Article 4 record. Finishing the rest costs nothing.":["A 4. cikk szerinti nyilv\u00e1ntart\u00e1s %2$d l\u00e9p\u00e9s\u00e9b\u0151l %1$d l\u00e9p\u00e9st v\u00e9gzett el. A t\u00f6bbi befejez\u00e9se semmibe nem ker\u00fcl."],"Article 4 asks that people using AI here understand what it does. The record is your own short note that they do.":["A 4. cikk el\u0151\u00edrja, hogy akik itt MI-t haszn\u00e1lnak, \u00e9rts\u00e9k, mit tesz. A nyilv\u00e1ntart\u00e1s az \u00d6n saj\u00e1t r\u00f6vid feljegyz\u00e9se arr\u00f3l, hogy \u00edgy van."],"Finding the AI on your site that nobody disclosed":["Az oldal\u00e1n l\u00e9v\u0151, senki \u00e1ltal fel nem t\u00fcntetett MI megtal\u00e1l\u00e1sa"],"Reads your pages and newest images, and lists undisclosed AI and any AI plugin running here.":["Elolvassa az oldalait \u00e9s a leg\u00fajabb k\u00e9peit, \u00e9s felsorolja a fel nem t\u00fcntetett MI-t \u00e9s minden itt fut\u00f3 MI-b\u0151v\u00edtm\u00e9nyt."],"It is the check somebody else would run on you: it looks at what your site actually serves rather than at what your settings say it should.":["Ez az az ellen\u0151rz\u00e9s, amelyet valaki m\u00e1s futtatna \u00d6n\u00f6n: azt n\u00e9zi, mit szolg\u00e1l ki val\u00f3j\u00e1ban az oldala, nem azt, mit mondanak a be\u00e1ll\u00edt\u00e1sai."],"Open the Overview tab":["\u00c1ttekint\u00e9s lap megnyit\u00e1sa"],"The spreadsheet of everything you have marked":["T\u00e1bl\u00e1zat mindenr\u0151l, amit megjel\u00f6lt"],"Every marked image, its source and its file, as a CSV. This export stays free.":["Minden megjel\u00f6lt k\u00e9p, a forr\u00e1sa \u00e9s a f\u00e1jlja, CSV form\u00e1ban. Ez az export\u00e1l\u00e1s ingyenes marad."],"CSV is a plain table any spreadsheet opens. It is the list you would keep for your own records, or hand to whoever asks what you have disclosed.":["A CSV egyszer\u0171 t\u00e1bl\u00e1zat, amelyet b\u00e1rmely t\u00e1bl\u00e1zatkezel\u0151 megnyit. Ez az a lista, amelyet a saj\u00e1t nyilv\u00e1ntart\u00e1s\u00e1hoz megtartana, vagy odaadna annak, aki megk\u00e9rdezi, mit t\u00fcntetett fel."],"New uploads mark themselves":["Az \u00faj felt\u00f6lt\u00e9sek magukt\u00f3l megjel\u00f6l\u0151dnek"],"An image carrying its own record is marked on upload. Everything already here is untouched.":["A saj\u00e1t bejegyz\u00e9s\u00e9t hordoz\u00f3 k\u00e9pet felt\u00f6lt\u00e9skor megjel\u00f6lj\u00fck. Minden, ami m\u00e1r itt van, \u00e9rintetlen marad."],"Some tools write their own note inside the file. Pro reads it and sets the source from it.":["Egyes eszk\u00f6z\u00f6k saj\u00e1t megjegyz\u00e9st \u00edrnak a f\u00e1jlba. A Pro elolvassa, \u00e9s abb\u00f3l \u00e1ll\u00edtja be a forr\u00e1st."],"An image carrying no such note is left alone. Pro reads what the file declares and does not guess at the rest.":["Az a k\u00e9p, amely nem hordoz ilyen feljegyz\u00e9st, \u00e9rintetlen marad. A Pro azt olvassa, amit a f\u00e1jl k\u00f6z\u00f6l, \u00e9s a t\u00f6bbit nem tal\u00e1lgatja."],"Set the source yourself in the Media Library. The result is identical; Pro buys the minute, not the outcome.":["\u00c1ll\u00edtsa be maga a forr\u00e1st a m\u00e9diak\u00f6nyvt\u00e1rban. Az eredm\u00e9ny azonos; a Pro a percet v\u00e1ltja meg, nem az eredm\u00e9nyt."],"The mark goes back when something strips it out":["A jel\u00f6l\u00e9s visszaker\u00fcl, ha valami kiszedi"],"Nothing marked yet, so nothing for the scanner to guard. It matters once something re-encodes them.":["M\u00e9g semmi sincs megjel\u00f6lve, \u00edgy a vizsg\u00e1l\u00f3nak nincs mit \u0151riznie. Att\u00f3l kezdve sz\u00e1m\u00edt, hogy valami \u00fajrak\u00f3dolja \u0151ket."],"%1$s%% of the %2$s image you have marked carries the mark in the file today. Optimisers and CDNs re-encode files and drop it without saying so.":["A megjel\u00f6lt %2$s k\u00e9p\u00e9nek %1$s%%-a hordozza ma a jel\u00f6l\u00e9st a f\u00e1jlban. Az optimaliz\u00e1l\u00f3k \u00e9s a CDN-ek \u00fajrak\u00f3dolj\u00e1k a f\u00e1jlokat, \u00e9s sz\u00f3 n\u00e9lk\u00fcl eldobj\u00e1k.","A megjel\u00f6lt %2$s k\u00e9p\u00e9nek %1$s%%-a hordozza ma a jel\u00f6l\u00e9st a f\u00e1jlban. Az optimaliz\u00e1l\u00f3k \u00e9s a CDN-ek \u00fajrak\u00f3dolj\u00e1k a f\u00e1jlokat, \u00e9s sz\u00f3 n\u00e9lk\u00fcl eldobj\u00e1k."],"Finds images whose file lost the mark and writes it back, on a schedule or on demand.":["Megkeresi azokat a k\u00e9peket, amelyek f\u00e1jlja elvesztette a jel\u00f6l\u00e9st, \u00e9s vissza\u00edrja, \u00fctemezetten vagy k\u00e9r\u00e9sre."],"Re-saving the source writes the mark back. Finding which images need it is the part the scanner does.":["A forr\u00e1s \u00fajrament\u00e9se vissza\u00edrja a jel\u00f6l\u00e9st. Kider\u00edteni, mely k\u00e9peknek van erre sz\u00fcks\u00e9g\u00fck, a vizsg\u00e1l\u00f3 dolga."],"Images older than the plugin sort themselves out":["A b\u0151v\u00edtm\u00e9nyn\u00e9l r\u00e9gebbi k\u00e9pek magukt\u00f3l rendez\u0151dnek"],"Every image already has a source, so there is nothing here to find today.":["Minden k\u00e9pnek m\u00e1r van forr\u00e1sa, \u00edgy ma itt nincs mit tal\u00e1lni."],"%s image here has no source recorded. The scanner opens each one, reads what the file already declares about itself, and adopts it.":["Itt %s k\u00e9pn\u00e9l nincs r\u00f6gz\u00edtve forr\u00e1s. A vizsg\u00e1l\u00f3 mindegyiket megnyitja, beolvassa, mit k\u00f6z\u00f6l a f\u00e1jl \u00f6nmag\u00e1r\u00f3l, \u00e9s \u00e1tveszi azt.","Itt %s k\u00e9pn\u00e9l nincs r\u00f6gz\u00edtve forr\u00e1s. A vizsg\u00e1l\u00f3 mindegyiket megnyitja, beolvassa, mit k\u00f6z\u00f6l a f\u00e1jl \u00f6nmag\u00e1r\u00f3l, \u00e9s \u00e1tveszi azt."],"This is the same read as on upload, run backwards over what you already have, which is why it can clear a library that predates the plugin in one pass.":["Ez ugyanaz a beolvas\u00e1s, mint felt\u00f6lt\u00e9skor, csak visszamen\u0151leg futtatva arra, ami m\u00e1r megvan, \u00e9s \u00e9pp ez\u00e9rt tud egy b\u0151v\u00edtm\u00e9nyn\u00e9l r\u00e9gebbi k\u00f6nyvt\u00e1rat egy menetben letiszt\u00e1zni."],"A file that declares nothing stays unmarked. Most photographs and most stock images declare nothing, and that is not a fault in them or in you.":["Az a f\u00e1jl, amely semmit nem k\u00f6z\u00f6l, megjel\u00f6letlen marad. A legt\u00f6bb f\u00e9nyk\u00e9p \u00e9s a legt\u00f6bb stockk\u00e9p semmit nem k\u00f6z\u00f6l, \u00e9s ez nem hiba sem benn\u00fck, sem \u00d6nben."],"Work through them in the Media tab with the bulk action. Nothing is lost by doing it by hand.":["Dolgozza fel \u0151ket a M\u00e9dia f\u00fcl\u00f6n a t\u00f6meges m\u0171velettel. K\u00e9zzel semmi nem v\u00e9sz el."],"Counted: %s image with no source type recorded.":["Megsz\u00e1molva: %s k\u00e9p r\u00f6gz\u00edtett forr\u00e1st\u00edpus n\u00e9lk\u00fcl.","Megsz\u00e1molva: %s k\u00e9p r\u00f6gz\u00edtett forr\u00e1st\u00edpus n\u00e9lk\u00fcl."],"The compliance report as a document you can hand over":["A megfelel\u0151s\u00e9gi jelent\u00e9s dokumentumk\u00e9nt, amelyet \u00e1tadhat"],"The same facts as the free CSV, as a print-ready page, JSON, Markdown and plain text.":["Ugyanaz az adat, mint az ingyenes CSV-ben, nyomtat\u00e1sra k\u00e9sz oldalk\u00e9nt, JSON, Markdown \u00e9s egyszer\u0171 sz\u00f6veg form\u00e1ban."],"It is for the moment a client, an insurer or a regulator asks what you disclose and a spreadsheet is the wrong thing to send them.":["Arra a pillanatra van, amikor egy \u00fcgyf\u00e9l, egy biztos\u00edt\u00f3 vagy egy hat\u00f3s\u00e1g megk\u00e9rdezi, mit t\u00fcntet fel, \u00e9s egy t\u00e1bl\u00e1zat rossz dolog lenne elk\u00fcldeni nekik."],"Export the CSV, which stays free, and lay it out yourself. Nobody can require you to buy a particular file format.":["Export\u00e1lja a CSV-t, amely ingyenes marad, \u00e9s t\u00f6rdelje meg maga. Senki nem k\u00f6telezheti arra, hogy egy adott f\u00e1jlform\u00e1tumot megv\u00e1s\u00e1roljon."],"The badge holds on a WooCommerce gallery your theme has replaced":["A jelv\u00e9ny megmarad olyan WooCommerce-gal\u00e9ri\u00e1n, amelyet a sablon lecser\u00e9lt"],"A stock WooCommerce shop is already covered. This matters only if your theme replaces the gallery.":["Egy alap WooCommerce-bolt m\u00e1r le van fedve. Ez csak akkor sz\u00e1m\u00edt, ha a sablonja lecser\u00e9li a gal\u00e9ri\u00e1t."],"A theme that replaces the gallery skips where the free plugin attaches. Pro attaches there too.":["A gal\u00e9ri\u00e1t lecser\u00e9l\u0151 sablon kihagyja azt a pontot, ahol az ingyenes b\u0151v\u00edtm\u00e9ny bekapcsol\u00f3dik. A Pro ott is bekapcsol\u00f3dik."],"Look at one of your own product pages. If the badge is on the gallery image, this changes nothing for you and you should not pay for it.":["N\u00e9zze meg az egyik saj\u00e1t term\u00e9koldal\u00e1t. Ha a jelv\u00e9ny rajta van a gal\u00e9riak\u00e9pen, ez \u00d6nnek semmit nem v\u00e1ltoztat, \u00e9s nem kellene fizetnie \u00e9rte."],"Priority support, and whatever ships next":["Els\u0151bbs\u00e9gi t\u00e1mogat\u00e1s, \u00e9s b\u00e1rmi, ami legk\u00f6zelebb megjelenik"],"Licence holders are answered first, and a licence covers every Pro feature while active.":["A licenctulajdonosok kapnak el\u0151sz\u00f6r v\u00e1laszt, \u00e9s a licenc minden Pro-funkci\u00f3t lefed, am\u00edg \u00e9rv\u00e9nyes."],"The free plugin is supported on the WordPress.org forum, by the same people, at the speed a free forum runs.":["Az ingyenes b\u0151v\u00edtm\u00e9nyt a WordPress.org f\u00f3rum\u00e1n t\u00e1mogatjuk, ugyanazok az emberek, olyan temp\u00f3ban, ahogy egy ingyenes f\u00f3rum m\u0171k\u00f6dik."],"Ask on the WordPress.org support forum. It is free and it is read.":["K\u00e9rdezzen a WordPress.org t\u00e1mogat\u00f3i f\u00f3rum\u00e1n. Ingyenes, \u00e9s olvassuk."],"Open the support forum":["T\u00e1mogat\u00f3i f\u00f3rum megnyit\u00e1sa"],"What you can do without it":["Mit tud megcsin\u00e1lni n\u00e9lk\u00fcle"],"Checking your licence\u2026":["A licenc\u00e9nek ellen\u0151rz\u00e9se\u2026"],"Reading the licence registered to this site.":["Az ehhez a webhelyhez regisztr\u00e1lt licenc beolvas\u00e1sa."],"Lifetime, no renewal":["\u00d6r\u00f6k\u00f6s, meg\u00faj\u00edt\u00e1s n\u00e9lk\u00fcl"],"Renews yearly":["\u00c9vente meg\u00fajul"],"Managed by Dodo Payments":["A Dodo Payments kezeli"],"%1$s of %2$s sites":["%1$s \/ %2$s oldal"],"%s site, no cap":["%s oldal, korl\u00e1t n\u00e9lk\u00fcl","%s oldal, korl\u00e1t n\u00e9lk\u00fcl"],"Pro is active on this site.":["A Pro akt\u00edv ezen az oldalon."],"Your %1$s licence is running here, using %2$s.":["A(z) %1$s licence itt fut, ezzel: %2$s."],"Manage billing":["Sz\u00e1ml\u00e1z\u00e1s kezel\u00e9se"],"Deactivate on this site":["Deaktiv\u00e1l\u00e1s ezen az oldalon"],"Licence active":["Licenc akt\u00edv"],"Plan":["Csomag"],"Sites":["Oldalak"],"Renews":["Meg\u00fajul"],"Key":["Kulcs"],"Deactivating frees this seat. Nothing already disclosed is removed.":["A kikapcsol\u00e1s felszabad\u00edtja ezt a helyet. Semmi sem t\u00f6rl\u0151dik abb\u00f3l, amit m\u00e1r felt\u00fcntetett."],"Update your card, read invoices or cancel from Dodo Payments.":["Friss\u00edtse a k\u00e1rty\u00e1j\u00e1t, olvasson sz\u00e1ml\u00e1kat vagy mondja fel a Dodo Paymentsn\u00e9l."],"Pro does not make your site more compliant. It does the work for you.":["A Pro nem teszi jobban megfelel\u0151v\u00e9 az oldal\u00e1t. Elv\u00e9gzi a munk\u00e1t \u00d6n helyett."],"Every disclosure the AI Act asks for is free. Pro automates it.":["Minden t\u00e1j\u00e9koztat\u00e1s, amelyet az uni\u00f3s MI-rendelet k\u00e9r, ingyenes. A Pro automatiz\u00e1lja."],"Show me what Pro adds":["Mutasd, mit ad hozz\u00e1 a Pro"],"Go to the prices":["Ugr\u00e1s az \u00e1rakhoz"],"Already bought? Activate your key":["M\u00e1r megv\u00e1s\u00e1rolta? Aktiv\u00e1lja a kulcs\u00e1t"],"The free plugin covers the disclosure":["Az ingyenes b\u0151v\u00edtm\u00e9ny lefedi a felt\u00fcntet\u00e9st"],"No images yet, so nothing for Pro to automate today.":["M\u00e9g nincsenek k\u00e9pek, \u00edgy a Pr\u00f3nak ma nincs mit automatiz\u00e1lnia."],"Every image already has a source. Pro earns its keep on new uploads.":["Minden k\u00e9pnek m\u00e1r van forr\u00e1sa. A Pro az \u00faj felt\u00f6lt\u00e9sekn\u00e9l t\u00e9r\u00fcl meg."],"%s image here still has no source recorded. You can set every one of them by hand in the Media tab for free, and a visitor sees exactly the same badge either way. Pro is for when you would rather not spend the afternoon.":["Itt %s k\u00e9pn\u00e9l m\u00e9g mindig nincs r\u00f6gz\u00edtve forr\u00e1s. Mindegyiket be\u00e1ll\u00edthatja k\u00e9zzel a M\u00e9dia lapon, ingyen, \u00e9s a l\u00e1togat\u00f3 mindk\u00e9t esetben pontosan ugyanazt a jelv\u00e9nyt l\u00e1tja. A Pro arra val\u00f3, ha ink\u00e1bb nem \u00e1ldozna r\u00e1 egy d\u00e9lut\u00e1nt.","Itt %s k\u00e9pn\u00e9l m\u00e9g mindig nincs r\u00f6gz\u00edtve forr\u00e1s. Mindegyiket be\u00e1ll\u00edthatja k\u00e9zzel a M\u00e9dia lapon, ingyen, \u00e9s a l\u00e1togat\u00f3 mindk\u00e9t esetben pontosan ugyanazt a jelv\u00e9nyt l\u00e1tja. A Pro arra val\u00f3, ha ink\u00e1bb nem \u00e1ldozna r\u00e1 egy d\u00e9lut\u00e1nt."],"The free way to do it":["Az ingyenes m\u00f3dja"],"Prices":["\u00c1rak"],"Annual":["\u00c9ves"],"Lifetime":["\u00d6r\u00f6k\u00f6s"],"per year":["\u00e9vente"],"once":["egyszeri"],"or %s once":["vagy %s egyszeri"],"or %s per year":["vagy %s \u00e9vente"],"Get %s":["%s beszerz\u00e9se"],"Paid through Dodo Payments, renews yearly, cancel any time. If the licence lapses the free plugin keeps working.":["Fizet\u00e9s a Dodo Paymentsen kereszt\u00fcl, \u00e9vente meg\u00fajul, b\u00e1rmikor felmondhat\u00f3. Ha a licenc lej\u00e1r, az ingyenes b\u0151v\u00edtm\u00e9ny tov\u00e1bb m\u0171k\u00f6dik."],"Paid through Dodo Payments. One payment, no renewal, updates and support included. Everything the free plugin does keeps working regardless.":["Fizet\u00e9s a Dodo Paymentsen kereszt\u00fcl. Egy fizet\u00e9s, meg\u00faj\u00edt\u00e1s n\u00e9lk\u00fcl, friss\u00edt\u00e9sekkel \u00e9s t\u00e1mogat\u00e1ssal. Minden, amit az ingyenes b\u0151v\u00edtm\u00e9ny csin\u00e1l, ett\u0151l f\u00fcggetlen\u00fcl tov\u00e1bbra is m\u0171k\u00f6dik."],"Already bought Pro?":["M\u00e1r megvetted a Pr\u00f3t?"],"Paste the licence key from your Dodo Payments receipt.":["Illessze be a licenckulcsot a Dodo Payments-nyugt\u00e1j\u00e1r\u00f3l."],"XXXXXXXX-XXXX-XXXX-XXXX":["XXXXXXXX-XXXX-XXXX-XXXX"],"Activating\u2026":["Aktiv\u00e1l\u00e1s\u2026"],"Activate":["Aktiv\u00e1l\u00e1s"],"Download AIM Transparency Pro from your receipt, install and activate it under Plugins, and your key activates here automatically.":["T\u00f6ltse le az AIM Transparency Pr\u00f3t a nyugt\u00e1j\u00e1r\u00f3l, telep\u00edtse \u00e9s aktiv\u00e1lja a B\u0151v\u00edtm\u00e9nyek alatt, \u00e9s a kulcsa itt automatikusan aktiv\u00e1l\u00f3dik."],"Previous image":["El\u0151z\u0151 k\u00e9p"],"No browser can display a %s file, so there is nothing to show here. The file is on the server and its record is intact.":["Egyetlen b\u00f6ng\u00e9sz\u0151 sem tud megjelen\u00edteni %s f\u00e1jlt, ez\u00e9rt itt nincs mit mutatni. A f\u00e1jl a kiszolg\u00e1l\u00f3n van, \u00e9s a bejegyz\u00e9se s\u00e9rtetlen."],"file":["f\u00e1jl"],"This image is not on the server. Its record is still here, so what you have recorded about it is safe.":["Ez a k\u00e9p nincs a kiszolg\u00e1l\u00f3n. A bejegyz\u00e9se tov\u00e1bbra is megvan, \u00edgy amit r\u00f6gz\u00edtett r\u00f3la, biztons\u00e1gban van."],"Next image":["K\u00f6vetkez\u0151 k\u00e9p"],"Coming soon":["Hamarosan"],"Upgrade to Pro":["V\u00e1lt\u00e1s a Pro verzi\u00f3ra"],"Automatic flagging on upload, the library scanner (strip-guard and retroactive discovery), WooCommerce galleries and the full report set.":["Automatikus jel\u00f6l\u00e9s felt\u00f6lt\u00e9skor, m\u00e9diat\u00e1r-vizsg\u00e1l\u00f3 (jel\u00f6l\u00e9sv\u00e9delem \u00e9s visszamen\u0151leges felder\u00edt\u00e9s), WooCommerce-gal\u00e9ri\u00e1k \u00e9s a teljes jelent\u00e9sk\u00e9szlet."],"See plans":["Csomagok megtekint\u00e9se"],"Part of":["Ennek a r\u00e9sze:"],"Your WordPress profile":["A WordPress-profilod"],"Style":["St\u00edlus"],"Appearance":["Megjelen\u00e9s"],"This plugin was translated with AI help and checked against the EU AI Act\u2019s own language versions, but not by a native speaker of every language. If something here reads wrong, <a>tell us<\/a> and we will correct it.":["Ezt a b\u0151v\u00edtm\u00e9nyt MI seg\u00edts\u00e9g\u00e9vel ford\u00edtottuk, \u00e9s \u00f6sszevetett\u00fck mag\u00e1nak az uni\u00f3s MI-rendeletnek a nyelvi v\u00e1ltozataival, de nem ellen\u0151rizte minden nyelv anyanyelvi besz\u00e9l\u0151je. Ha itt valami rosszul hangzik, <a>sz\u00f3ljon<\/a>, \u00e9s kijav\u00edtjuk."]}}}